{"id":129197,"date":"2022-05-05T18:41:39","date_gmt":"2022-05-05T15:41:39","guid":{"rendered":"https:\/\/www.kirkonulkomaanapu.fi\/?post_type=post&#038;p=129197"},"modified":"2022-05-05T18:41:42","modified_gmt":"2022-05-05T15:41:42","slug":"jag-gav-pengar-jag-laste-nyheterna-vad-kan-jag-gora-nu","status":"publish","type":"post","link":"https:\/\/www.kirkonulkomaanapu.fi\/sv\/ajankohtaista\/blogi\/jag-gav-pengar-jag-laste-nyheterna-vad-kan-jag-gora-nu\/","title":{"rendered":"Jag gav pengar, jag l\u00e4ste nyheterna \u2013 vad kan jag g\u00f6ra nu?"},"content":{"rendered":"\n\n\n<div class=\"block-hero full-width id-block\" style=\"background-image: url('https:\/\/www.kirkonulkomaanapu.fi\/wp-content\/uploads\/2022\/04\/ukraina_blogi_1920_880.jpg');\">\n\n\t<div class=\"bg-mobile\" style=\"background-image: url('https:\/\/www.kirkonulkomaanapu.fi\/wp-content\/uploads\/2022\/04\/ukraina_blogi_1080_1080.jpg-1024x1024.jpg');\"><\/div>\n\n\t\n\t<div class=\"curtain\"><\/div>\n\n\t<div class=\"container\">\n\t\t<div class=\"row\">\n\t\t\t<div class=\"col\">\n\t\t\t\t<div class=\"inner-blocks entry-content\">\n\t\t\t\t\t\t\t\t\t\t\t\n\n<h1 class=\"wp-block-heading\"><\/h1>\n\n\n\t\t\t\t\t\t\t\t\t<\/div>\n\t\t\t<\/div>\n\t\t<\/div>\n\t<\/div>\n<\/div>\n\n\n\n\n\n\n\n\n<h1 class=\"wp-block-heading\">Jag gav pengar, jag l\u00e4ste nyheterna \u2013 vad kan jag g\u00f6ra nu?<\/h1>\n\n\n\n<p class=\"is-style-ingress\">Kriget i Ukraina har p\u00e5g\u00e5tt i flera veckor redan. Bilderna som synts i nyheterna har varit r\u00e5a och det har ocks\u00e5 den information som f\u00f6rmedlats fr\u00e5n konflikten varit.<\/p>\n\n\n\n<p><strong>R\u00c4DSLA OCH SORG<\/strong> f\u00f6rlamar, men samtidigt har de k\u00e4nslorna f\u00e5tt finl\u00e4ndare att ta tag i saken med s\u00e4llan sk\u00e5dad energi och empati. M\u00e5nga har gett pengar, en del har ocks\u00e5 gett saker. Vissa har \u00f6ppnat sina hem f\u00f6r dem som kommit till Finland efter att ha l\u00e4mnat sina hem och allt annat bakom sig, f\u00f6rutom sina n\u00e4rmaste familjemedlemmar och kl\u00e4derna de har p\u00e5 sig.<\/p>\n\n\n\n<p>I tv-rutan, p\u00e5 sociala medier och i tidningar ser kriget \u00e4nd\u00e5 ut att bli allt v\u00e4rre och r\u00e5are. Man k\u00e4nner sig kraftl\u00f6s. Vad kan jag \u00e4nnu g\u00f6ra, s\u00e5 att det skulle k\u00e4nnas som att jag gjort tillr\u00e4ckligt?<\/p>\n\n\n\n<p><br><strong>DE D\u00c5LIGA NYHETERNA<\/strong> \u00e4r att kriget redan har f\u00f6rorsakat en massiv humanit\u00e4r kris i Ukraina. Att r\u00e4tta till det kommer att ta tid. Det kommer ocks\u00e5 att kr\u00e4vas mycket arbete f\u00f6r att hj\u00e4lpa de miljontals m\u00e4nniskor som blivit flyktingar <a>\u2013 <\/a>b\u00e5de inom Ukraina och utanf\u00f6r landets gr\u00e4nser.<\/p>\n\n\n\n<p>Behovet av humanit\u00e4r n\u00f6dhj\u00e4lp, rent vatten, skydd samt varma kl\u00e4der och filtar i Ukraina har f\u00e5tt finl\u00e4ndarna att ge miljontals euro till Kyrkans Utlandshj\u00e4lp och andra organisationer. <strong><\/strong><\/p>\n\n\n\n<p>Kriget har \u00e4nd\u00e5 p\u00e5 bara n\u00e5gra veckor f\u00f6rst\u00f6rt miljontals ukrainares hem, skolor, m\u00f6jligheter till sjukv\u00e5rd och till att livn\u00e4ra sig. De f\u00f6rst\u00f6rda skolorna och traumat efter kriget kan hota flera generationer.<\/p>\n\n\n\n<p>Tyv\u00e4rr lider m\u00e4nniskor n\u00f6d ocks\u00e5 p\u00e5 andra st\u00e4llen i v\u00e4rlden. I \u00d6staftrika hotar hungersn\u00f6d miljontals m\u00e4nniskor, p\u00e5 grund av att regns\u00e4songen har uteblivit tre \u00e5r i rad. Varje euro \u00e4r viktig och till exempel att bli <a href=\"https:\/\/www.kirkonulkomaanapu.fi\/sv\/ge-en-gava\/manadsgava\/\" target=\"_blank\" rel=\"noreferrer noopener\">m\u00e5nadsgivare<\/a> \u00e4r ett s\u00e4tt att f\u00f6rs\u00e4kra sig om att offer i krig och katastrofer f\u00e5r l\u00e5ngsiktig hj\u00e4lp.<\/p>\n\n\n\n<p>Kan man g\u00f6ra annat \u00e4n att hoppas p\u00e5 att kriget snart tar slut och v\u00e4nta p\u00e5 stunden d\u00e5 vi kan b\u00f6rja bygga upp allt igen?<\/p>\n\n\n\n<p><br><strong>I SLUTET AV FEBRUARI <\/strong>b\u00f6rjade en humanit\u00e4r kris i Europa. Till sin natur \u00e4r en s\u00e5dan kris mer som en l\u00e5ngdistansstr\u00e4cka eller en ultramaraton, inte en snabb sprint d\u00e4r det l\u00f6nar sig att kl\u00e4mma ur sig alla krafter under de f\u00f6rsta hundra metrarna. Det \u00e4r l\u00e4ttare att orka hj\u00e4lpa andra om man f\u00f6rst tar hand om sitt eget ork.<\/p>\n\n\n\n<p>Det \u00e4r fullt till\u00e5tet att sakta in, samla energi och f\u00f6rbereda sig p\u00e5 att behovet av hj\u00e4lp kommer att finnas l\u00e5ngt in i framtiden. Kriget kommer indirekt att p\u00e5verka m\u00e5nga l\u00e4nder ocks\u00e5 utanf\u00f6r Ukrainas gr\u00e4nser \u2013 bland annat i form av f\u00f6rh\u00f6jda mat- och br\u00e4nslepriser. Det kommer att sl\u00e5 h\u00e5rt, speciellt mot de Afrikanska l\u00e5ginkomstl\u00e4ndernas ekonomier. Det v\u00e4rsta som kan h\u00e4nda nu \u00e4r att vi blir cyniska inf\u00f6r all ondska och att vi blir tr\u00f6tta p\u00e5 att se dem lida som beh\u00f6ver hj\u00e4lp allra mest, oberoende om det \u00e4r fr\u00e5gan om m\u00e4nniskor som flyr kriget i Ukraina eller dem som lider av livsmedelsbrist i torkan i \u00d6stafrika.<\/p>\n\n\n\n<p><br>Kom ih\u00e5g att koppla loss en stund. Du har redan gjort mycket.<\/p>\n\n\n\n<p><br><em>P.S. <a href=\"https:\/\/mieli.fi\/sv\/nyheter\/hur-tar-man-hand-om-sin-psykiska-halsa-under-en-kris-14-tips\/\" target=\"_blank\" rel=\"noreferrer noopener\">Mieli rf<\/a> har samlat en hop bra tips om hur man kan lugna ner sig under en kris. Sj\u00e4lv har jag m\u00e4rkt att om jag fokuserar p\u00e5 att hj\u00e4lpa andra p\u00e5minner det mig om allt gott i v\u00e4rden. Som motvikt beh\u00f6ver jag \u00e4nd\u00e5 koppla loss fr\u00e5n n\u00e4tet och h\u00e5lla pratstunder ansikte mot ansikte med v\u00e4nner och bekanta. Lugna promenader i naturen med min hund hj\u00e4lper ocks\u00e5.<\/em><\/p>\n\n\n\n<p><br>Text: Elisa Rimaila<br><em>F\u00f6rfattaren \u00e4r kommunikationsspecialist f\u00f6r Kyrkans Utlandshj\u00e4lp<\/em><br>\u00d6vers\u00e4ttning: Bj\u00f6rn Udd<\/p>\n","protected":false},"excerpt":{"rendered":"<p>Jag gav pengar, jag l\u00e4ste nyheterna \u2013 vad kan jag g\u00f6ra nu? Kriget i Ukraina har p\u00e5g\u00e5tt i flera veckor redan. Bilderna som synts i nyheterna har varit r\u00e5a och det har ocks\u00e5 den information som f\u00f6rmedlats fr\u00e5n konflikten varit. R\u00c4DSLA OCH SORG f\u00f6rlamar, men samtidigt har de k\u00e4nslorna f\u00e5tt finl\u00e4ndare att ta tag i [&hellip;]<\/p>\n","protected":false},"author":137,"featured_media":128702,"comment_status":"closed","ping_status":"closed","sticky":false,"template":"","format":"standard","meta":{"_acf_changed":false,"_relevanssi_hide_post":"","_relevanssi_hide_content":"","_relevanssi_pin_for_all":"","_relevanssi_pin_keywords":"","_relevanssi_unpin_keywords":"","_relevanssi_related_keywords":"","_relevanssi_related_include_ids":"","_relevanssi_related_exclude_ids":"","_relevanssi_related_no_append":"","_relevanssi_related_not_related":"","_relevanssi_related_posts":"108131,63644,121424,89500,121400,121649","_relevanssi_noindex_reason":"","_improvement_type_select":"improve_an_existing","_thumb_yes_seoaic":false,"_frame_yes_seoaic":false,"seoaic_generate_description":"","seoaic_improve_instructions_prompt":"","seoaic_rollback_content_improvement":"","seoaic_idea_thumbnail_generator":"","thumbnail_generated":false,"thumbnail_generate_prompt":"","seoaic_article_description":"","seoaic_article_subtitles":[],"footnotes":""},"categories":[21,71,820],"tags":[821,822,823],"countries":[],"article_themes":[406,414,453],"class_list":["post-129197","post","type-post","status-publish","format-standard","has-post-thumbnail","hentry","category-allman","category-finland-sv","category-ukraina-3","tag-ukraina","tag-nodhjalp","tag-langdistansstracka","article_themes-humanitart-bistand","article_themes-flyktingar","article_themes-allman"],"acf":[],"yoast_head":"<!-- This site is optimized with the Yoast SEO plugin v26.9 - https:\/\/yoast.com\/product\/yoast-seo-wordpress\/ -->\n<title>Jag gav pengar, jag l\u00e4ste nyheterna \u2013 vad kan jag g\u00f6ra nu? - Kyrkans Utlandshj\u00e4lp<\/title>\n<meta name=\"description\" content=\"I tv-rutan, p\u00e5 sociala medier och i tidningar ser kriget i Ukraina \u00e4nd\u00e5 ut att bli allt v\u00e4rre och r\u00e5are. Man k\u00e4nner sig kraftl\u00f6s. Vad kan jag \u00e4nnu g\u00f6ra, s\u00e5 att det skulle k\u00e4nnas som att jag gjort tillr\u00e4ckligt?\" \/>\n<meta name=\"robots\" content=\"index, follow, max-snippet:-1, max-image-preview:large, max-video-preview:-1\" \/>\n<link rel=\"canonical\" href=\"https:\/\/www.kirkonulkomaanapu.fi\/sv\/ajankohtaista\/blogi\/jag-gav-pengar-jag-laste-nyheterna-vad-kan-jag-gora-nu\/\" \/>\n<meta property=\"og:locale\" content=\"sv_SE\" \/>\n<meta property=\"og:type\" content=\"article\" \/>\n<meta property=\"og:title\" content=\"Jag gav pengar, jag l\u00e4ste nyheterna \u2013 vad kan jag g\u00f6ra nu? - Kyrkans Utlandshj\u00e4lp\" \/>\n<meta property=\"og:description\" content=\"I tv-rutan, p\u00e5 sociala medier och i tidningar ser kriget i Ukraina \u00e4nd\u00e5 ut att bli allt v\u00e4rre och r\u00e5are. Man k\u00e4nner sig kraftl\u00f6s. Vad kan jag \u00e4nnu g\u00f6ra, s\u00e5 att det skulle k\u00e4nnas som att jag gjort tillr\u00e4ckligt?\" \/>\n<meta property=\"og:url\" content=\"https:\/\/www.kirkonulkomaanapu.fi\/sv\/ajankohtaista\/blogi\/jag-gav-pengar-jag-laste-nyheterna-vad-kan-jag-gora-nu\/\" \/>\n<meta property=\"og:site_name\" content=\"Kyrkans Utlandshj\u00e4lp\" \/>\n<meta property=\"article:publisher\" content=\"https:\/\/www.facebook.com\/Ulkomaanapu\/\" \/>\n<meta property=\"article:published_time\" content=\"2022-05-05T15:41:39+00:00\" \/>\n<meta property=\"article:modified_time\" content=\"2022-05-05T15:41:42+00:00\" \/>\n<meta property=\"og:image\" content=\"https:\/\/www.kirkonulkomaanapu.fi\/wp-content\/uploads\/2022\/04\/ukraina_blogi_1920_880.jpg\" \/>\n\t<meta property=\"og:image:width\" content=\"1920\" \/>\n\t<meta property=\"og:image:height\" content=\"880\" \/>\n\t<meta property=\"og:image:type\" content=\"image\/jpeg\" \/>\n<meta name=\"author\" content=\"Elisa Rimaila\" \/>\n<meta name=\"twitter:label1\" content=\"Skriven av\" \/>\n\t<meta name=\"twitter:data1\" content=\"Elisa Rimaila\" \/>\n\t<meta name=\"twitter:label2\" content=\"Ber\u00e4knad l\u00e4stid\" \/>\n\t<meta name=\"twitter:data2\" content=\"3 minuter\" \/>\n<script type=\"application\/ld+json\" class=\"yoast-schema-graph\">{\"@context\":\"https:\/\/schema.org\",\"@graph\":[{\"@type\":\"Article\",\"@id\":\"https:\/\/www.kirkonulkomaanapu.fi\/sv\/ajankohtaista\/blogi\/jag-gav-pengar-jag-laste-nyheterna-vad-kan-jag-gora-nu\/#article\",\"isPartOf\":{\"@id\":\"https:\/\/www.kirkonulkomaanapu.fi\/sv\/ajankohtaista\/blogi\/jag-gav-pengar-jag-laste-nyheterna-vad-kan-jag-gora-nu\/\"},\"author\":{\"name\":\"Elisa Rimaila\",\"@id\":\"https:\/\/www.kirkonulkomaanapu.fi\/#\/schema\/person\/31b6ed048d3e1da75eef07bb24058320\"},\"headline\":\"Jag gav pengar, jag l\u00e4ste nyheterna \u2013 vad kan jag g\u00f6ra nu?\",\"datePublished\":\"2022-05-05T15:41:39+00:00\",\"dateModified\":\"2022-05-05T15:41:42+00:00\",\"mainEntityOfPage\":{\"@id\":\"https:\/\/www.kirkonulkomaanapu.fi\/sv\/ajankohtaista\/blogi\/jag-gav-pengar-jag-laste-nyheterna-vad-kan-jag-gora-nu\/\"},\"wordCount\":715,\"publisher\":{\"@id\":\"https:\/\/www.kirkonulkomaanapu.fi\/#organization\"},\"image\":{\"@id\":\"https:\/\/www.kirkonulkomaanapu.fi\/sv\/ajankohtaista\/blogi\/jag-gav-pengar-jag-laste-nyheterna-vad-kan-jag-gora-nu\/#primaryimage\"},\"thumbnailUrl\":\"https:\/\/www.kirkonulkomaanapu.fi\/wp-content\/uploads\/2022\/04\/ukraina_blogi_1920_880.jpg\",\"keywords\":[\"Ukraina\",\"n\u00f6dhj\u00e4lp\",\"l\u00e5ngdistansstr\u00e4cka\"],\"articleSection\":[\"Allm\u00e4n\",\"Finland\",\"Ukraina\"],\"inLanguage\":\"sv-SE\"},{\"@type\":\"WebPage\",\"@id\":\"https:\/\/www.kirkonulkomaanapu.fi\/sv\/ajankohtaista\/blogi\/jag-gav-pengar-jag-laste-nyheterna-vad-kan-jag-gora-nu\/\",\"url\":\"https:\/\/www.kirkonulkomaanapu.fi\/sv\/ajankohtaista\/blogi\/jag-gav-pengar-jag-laste-nyheterna-vad-kan-jag-gora-nu\/\",\"name\":\"Jag gav pengar, jag l\u00e4ste nyheterna \u2013 vad kan jag g\u00f6ra nu? - Kyrkans Utlandshj\u00e4lp\",\"isPartOf\":{\"@id\":\"https:\/\/www.kirkonulkomaanapu.fi\/#website\"},\"primaryImageOfPage\":{\"@id\":\"https:\/\/www.kirkonulkomaanapu.fi\/sv\/ajankohtaista\/blogi\/jag-gav-pengar-jag-laste-nyheterna-vad-kan-jag-gora-nu\/#primaryimage\"},\"image\":{\"@id\":\"https:\/\/www.kirkonulkomaanapu.fi\/sv\/ajankohtaista\/blogi\/jag-gav-pengar-jag-laste-nyheterna-vad-kan-jag-gora-nu\/#primaryimage\"},\"thumbnailUrl\":\"https:\/\/www.kirkonulkomaanapu.fi\/wp-content\/uploads\/2022\/04\/ukraina_blogi_1920_880.jpg\",\"datePublished\":\"2022-05-05T15:41:39+00:00\",\"dateModified\":\"2022-05-05T15:41:42+00:00\",\"description\":\"I tv-rutan, p\u00e5 sociala medier och i tidningar ser kriget i Ukraina \u00e4nd\u00e5 ut att bli allt v\u00e4rre och r\u00e5are. Man k\u00e4nner sig kraftl\u00f6s. Vad kan jag \u00e4nnu g\u00f6ra, s\u00e5 att det skulle k\u00e4nnas som att jag gjort tillr\u00e4ckligt?\",\"breadcrumb\":{\"@id\":\"https:\/\/www.kirkonulkomaanapu.fi\/sv\/ajankohtaista\/blogi\/jag-gav-pengar-jag-laste-nyheterna-vad-kan-jag-gora-nu\/#breadcrumb\"},\"inLanguage\":\"sv-SE\",\"potentialAction\":[{\"@type\":\"ReadAction\",\"target\":[\"https:\/\/www.kirkonulkomaanapu.fi\/sv\/ajankohtaista\/blogi\/jag-gav-pengar-jag-laste-nyheterna-vad-kan-jag-gora-nu\/\"]}]},{\"@type\":\"ImageObject\",\"inLanguage\":\"sv-SE\",\"@id\":\"https:\/\/www.kirkonulkomaanapu.fi\/sv\/ajankohtaista\/blogi\/jag-gav-pengar-jag-laste-nyheterna-vad-kan-jag-gora-nu\/#primaryimage\",\"url\":\"https:\/\/www.kirkonulkomaanapu.fi\/wp-content\/uploads\/2022\/04\/ukraina_blogi_1920_880.jpg\",\"contentUrl\":\"https:\/\/www.kirkonulkomaanapu.fi\/wp-content\/uploads\/2022\/04\/ukraina_blogi_1920_880.jpg\",\"width\":1920,\"height\":880,\"caption\":\"Lviv Railway Sation. March 11, 2022.\"},{\"@type\":\"BreadcrumbList\",\"@id\":\"https:\/\/www.kirkonulkomaanapu.fi\/sv\/ajankohtaista\/blogi\/jag-gav-pengar-jag-laste-nyheterna-vad-kan-jag-gora-nu\/#breadcrumb\",\"itemListElement\":[{\"@type\":\"ListItem\",\"position\":1,\"name\":\"Home\",\"item\":\"https:\/\/www.kirkonulkomaanapu.fi\/sv\/\"},{\"@type\":\"ListItem\",\"position\":2,\"name\":\"Jag gav pengar, jag l\u00e4ste nyheterna \u2013 vad kan jag g\u00f6ra nu?\"}]},{\"@type\":\"WebSite\",\"@id\":\"https:\/\/www.kirkonulkomaanapu.fi\/#website\",\"url\":\"https:\/\/www.kirkonulkomaanapu.fi\/\",\"name\":\"Kirkon Ulkomaanapu\",\"description\":\"Suomen suurin kehitysyhteisty\u00f6j\u00e4rjest\u00f6\",\"publisher\":{\"@id\":\"https:\/\/www.kirkonulkomaanapu.fi\/#organization\"},\"alternateName\":\"KUA\",\"potentialAction\":[{\"@type\":\"SearchAction\",\"target\":{\"@type\":\"EntryPoint\",\"urlTemplate\":\"https:\/\/www.kirkonulkomaanapu.fi\/?s={search_term_string}\"},\"query-input\":{\"@type\":\"PropertyValueSpecification\",\"valueRequired\":true,\"valueName\":\"search_term_string\"}}],\"inLanguage\":\"sv-SE\"},{\"@type\":\"Organization\",\"@id\":\"https:\/\/www.kirkonulkomaanapu.fi\/#organization\",\"name\":\"Kirkon Ulkomaanapu\",\"alternateName\":\"KUA\",\"url\":\"https:\/\/www.kirkonulkomaanapu.fi\/\",\"logo\":{\"@type\":\"ImageObject\",\"inLanguage\":\"sv-SE\",\"@id\":\"https:\/\/www.kirkonulkomaanapu.fi\/#\/schema\/logo\/image\/\",\"url\":\"https:\/\/www.kirkonulkomaanapu.fi\/wp-content\/uploads\/2026\/02\/Kirkon-ulkomaanapu-logo-1.png\",\"contentUrl\":\"https:\/\/www.kirkonulkomaanapu.fi\/wp-content\/uploads\/2026\/02\/Kirkon-ulkomaanapu-logo-1.png\",\"width\":225,\"height\":225,\"caption\":\"Kirkon Ulkomaanapu\"},\"image\":{\"@id\":\"https:\/\/www.kirkonulkomaanapu.fi\/#\/schema\/logo\/image\/\"},\"sameAs\":[\"https:\/\/www.facebook.com\/Ulkomaanapu\/\",\"https:\/\/www.youtube.com\/user\/kirkonulkomaanapu\",\"https:\/\/instagram.com\/kirkon_ulkomaanapu\/\",\"https:\/\/www.linkedin.com\/company\/finn-church-aid\/\"]},{\"@type\":\"Person\",\"@id\":\"https:\/\/www.kirkonulkomaanapu.fi\/#\/schema\/person\/31b6ed048d3e1da75eef07bb24058320\",\"name\":\"Elisa Rimaila\",\"image\":{\"@type\":\"ImageObject\",\"inLanguage\":\"sv-SE\",\"@id\":\"https:\/\/www.kirkonulkomaanapu.fi\/#\/schema\/person\/image\/\",\"url\":\"https:\/\/secure.gravatar.com\/avatar\/65ca568d6d123ad5727bf3200db62d9e5200bc8a231cc30afe80ca1a344613e2?s=96&d=mm&r=g\",\"contentUrl\":\"https:\/\/secure.gravatar.com\/avatar\/65ca568d6d123ad5727bf3200db62d9e5200bc8a231cc30afe80ca1a344613e2?s=96&d=mm&r=g\",\"caption\":\"Elisa Rimaila\"},\"description\":\"Viestinn\u00e4n asiantuntija, Digital communications specialist\"}]}<\/script>\n<!-- \/ Yoast SEO plugin. -->","yoast_head_json":{"title":"Jag gav pengar, jag l\u00e4ste nyheterna \u2013 vad kan jag g\u00f6ra nu? - Kyrkans Utlandshj\u00e4lp","description":"I tv-rutan, p\u00e5 sociala medier och i tidningar ser kriget i Ukraina \u00e4nd\u00e5 ut att bli allt v\u00e4rre och r\u00e5are. Man k\u00e4nner sig kraftl\u00f6s. Vad kan jag \u00e4nnu g\u00f6ra, s\u00e5 att det skulle k\u00e4nnas som att jag gjort tillr\u00e4ckligt?","robots":{"index":"index","follow":"follow","max-snippet":"max-snippet:-1","max-image-preview":"max-image-preview:large","max-video-preview":"max-video-preview:-1"},"canonical":"https:\/\/www.kirkonulkomaanapu.fi\/sv\/ajankohtaista\/blogi\/jag-gav-pengar-jag-laste-nyheterna-vad-kan-jag-gora-nu\/","og_locale":"sv_SE","og_type":"article","og_title":"Jag gav pengar, jag l\u00e4ste nyheterna \u2013 vad kan jag g\u00f6ra nu? - Kyrkans Utlandshj\u00e4lp","og_description":"I tv-rutan, p\u00e5 sociala medier och i tidningar ser kriget i Ukraina \u00e4nd\u00e5 ut att bli allt v\u00e4rre och r\u00e5are. Man k\u00e4nner sig kraftl\u00f6s. Vad kan jag \u00e4nnu g\u00f6ra, s\u00e5 att det skulle k\u00e4nnas som att jag gjort tillr\u00e4ckligt?","og_url":"https:\/\/www.kirkonulkomaanapu.fi\/sv\/ajankohtaista\/blogi\/jag-gav-pengar-jag-laste-nyheterna-vad-kan-jag-gora-nu\/","og_site_name":"Kyrkans Utlandshj\u00e4lp","article_publisher":"https:\/\/www.facebook.com\/Ulkomaanapu\/","article_published_time":"2022-05-05T15:41:39+00:00","article_modified_time":"2022-05-05T15:41:42+00:00","og_image":[{"width":1920,"height":880,"url":"https:\/\/www.kirkonulkomaanapu.fi\/wp-content\/uploads\/2022\/04\/ukraina_blogi_1920_880.jpg","type":"image\/jpeg"}],"author":"Elisa Rimaila","twitter_misc":{"Skriven av":"Elisa Rimaila","Ber\u00e4knad l\u00e4stid":"3 minuter"},"schema":{"@context":"https:\/\/schema.org","@graph":[{"@type":"Article","@id":"https:\/\/www.kirkonulkomaanapu.fi\/sv\/ajankohtaista\/blogi\/jag-gav-pengar-jag-laste-nyheterna-vad-kan-jag-gora-nu\/#article","isPartOf":{"@id":"https:\/\/www.kirkonulkomaanapu.fi\/sv\/ajankohtaista\/blogi\/jag-gav-pengar-jag-laste-nyheterna-vad-kan-jag-gora-nu\/"},"author":{"name":"Elisa Rimaila","@id":"https:\/\/www.kirkonulkomaanapu.fi\/#\/schema\/person\/31b6ed048d3e1da75eef07bb24058320"},"headline":"Jag gav pengar, jag l\u00e4ste nyheterna \u2013 vad kan jag g\u00f6ra nu?","datePublished":"2022-05-05T15:41:39+00:00","dateModified":"2022-05-05T15:41:42+00:00","mainEntityOfPage":{"@id":"https:\/\/www.kirkonulkomaanapu.fi\/sv\/ajankohtaista\/blogi\/jag-gav-pengar-jag-laste-nyheterna-vad-kan-jag-gora-nu\/"},"wordCount":715,"publisher":{"@id":"https:\/\/www.kirkonulkomaanapu.fi\/#organization"},"image":{"@id":"https:\/\/www.kirkonulkomaanapu.fi\/sv\/ajankohtaista\/blogi\/jag-gav-pengar-jag-laste-nyheterna-vad-kan-jag-gora-nu\/#primaryimage"},"thumbnailUrl":"https:\/\/www.kirkonulkomaanapu.fi\/wp-content\/uploads\/2022\/04\/ukraina_blogi_1920_880.jpg","keywords":["Ukraina","n\u00f6dhj\u00e4lp","l\u00e5ngdistansstr\u00e4cka"],"articleSection":["Allm\u00e4n","Finland","Ukraina"],"inLanguage":"sv-SE"},{"@type":"WebPage","@id":"https:\/\/www.kirkonulkomaanapu.fi\/sv\/ajankohtaista\/blogi\/jag-gav-pengar-jag-laste-nyheterna-vad-kan-jag-gora-nu\/","url":"https:\/\/www.kirkonulkomaanapu.fi\/sv\/ajankohtaista\/blogi\/jag-gav-pengar-jag-laste-nyheterna-vad-kan-jag-gora-nu\/","name":"Jag gav pengar, jag l\u00e4ste nyheterna \u2013 vad kan jag g\u00f6ra nu? - Kyrkans Utlandshj\u00e4lp","isPartOf":{"@id":"https:\/\/www.kirkonulkomaanapu.fi\/#website"},"primaryImageOfPage":{"@id":"https:\/\/www.kirkonulkomaanapu.fi\/sv\/ajankohtaista\/blogi\/jag-gav-pengar-jag-laste-nyheterna-vad-kan-jag-gora-nu\/#primaryimage"},"image":{"@id":"https:\/\/www.kirkonulkomaanapu.fi\/sv\/ajankohtaista\/blogi\/jag-gav-pengar-jag-laste-nyheterna-vad-kan-jag-gora-nu\/#primaryimage"},"thumbnailUrl":"https:\/\/www.kirkonulkomaanapu.fi\/wp-content\/uploads\/2022\/04\/ukraina_blogi_1920_880.jpg","datePublished":"2022-05-05T15:41:39+00:00","dateModified":"2022-05-05T15:41:42+00:00","description":"I tv-rutan, p\u00e5 sociala medier och i tidningar ser kriget i Ukraina \u00e4nd\u00e5 ut att bli allt v\u00e4rre och r\u00e5are. Man k\u00e4nner sig kraftl\u00f6s. Vad kan jag \u00e4nnu g\u00f6ra, s\u00e5 att det skulle k\u00e4nnas som att jag gjort tillr\u00e4ckligt?","breadcrumb":{"@id":"https:\/\/www.kirkonulkomaanapu.fi\/sv\/ajankohtaista\/blogi\/jag-gav-pengar-jag-laste-nyheterna-vad-kan-jag-gora-nu\/#breadcrumb"},"inLanguage":"sv-SE","potentialAction":[{"@type":"ReadAction","target":["https:\/\/www.kirkonulkomaanapu.fi\/sv\/ajankohtaista\/blogi\/jag-gav-pengar-jag-laste-nyheterna-vad-kan-jag-gora-nu\/"]}]},{"@type":"ImageObject","inLanguage":"sv-SE","@id":"https:\/\/www.kirkonulkomaanapu.fi\/sv\/ajankohtaista\/blogi\/jag-gav-pengar-jag-laste-nyheterna-vad-kan-jag-gora-nu\/#primaryimage","url":"https:\/\/www.kirkonulkomaanapu.fi\/wp-content\/uploads\/2022\/04\/ukraina_blogi_1920_880.jpg","contentUrl":"https:\/\/www.kirkonulkomaanapu.fi\/wp-content\/uploads\/2022\/04\/ukraina_blogi_1920_880.jpg","width":1920,"height":880,"caption":"Lviv Railway Sation. March 11, 2022."},{"@type":"BreadcrumbList","@id":"https:\/\/www.kirkonulkomaanapu.fi\/sv\/ajankohtaista\/blogi\/jag-gav-pengar-jag-laste-nyheterna-vad-kan-jag-gora-nu\/#breadcrumb","itemListElement":[{"@type":"ListItem","position":1,"name":"Home","item":"https:\/\/www.kirkonulkomaanapu.fi\/sv\/"},{"@type":"ListItem","position":2,"name":"Jag gav pengar, jag l\u00e4ste nyheterna \u2013 vad kan jag g\u00f6ra nu?"}]},{"@type":"WebSite","@id":"https:\/\/www.kirkonulkomaanapu.fi\/#website","url":"https:\/\/www.kirkonulkomaanapu.fi\/","name":"Kirkon Ulkomaanapu","description":"Suomen suurin kehitysyhteisty\u00f6j\u00e4rjest\u00f6","publisher":{"@id":"https:\/\/www.kirkonulkomaanapu.fi\/#organization"},"alternateName":"KUA","potentialAction":[{"@type":"SearchAction","target":{"@type":"EntryPoint","urlTemplate":"https:\/\/www.kirkonulkomaanapu.fi\/?s={search_term_string}"},"query-input":{"@type":"PropertyValueSpecification","valueRequired":true,"valueName":"search_term_string"}}],"inLanguage":"sv-SE"},{"@type":"Organization","@id":"https:\/\/www.kirkonulkomaanapu.fi\/#organization","name":"Kirkon Ulkomaanapu","alternateName":"KUA","url":"https:\/\/www.kirkonulkomaanapu.fi\/","logo":{"@type":"ImageObject","inLanguage":"sv-SE","@id":"https:\/\/www.kirkonulkomaanapu.fi\/#\/schema\/logo\/image\/","url":"https:\/\/www.kirkonulkomaanapu.fi\/wp-content\/uploads\/2026\/02\/Kirkon-ulkomaanapu-logo-1.png","contentUrl":"https:\/\/www.kirkonulkomaanapu.fi\/wp-content\/uploads\/2026\/02\/Kirkon-ulkomaanapu-logo-1.png","width":225,"height":225,"caption":"Kirkon Ulkomaanapu"},"image":{"@id":"https:\/\/www.kirkonulkomaanapu.fi\/#\/schema\/logo\/image\/"},"sameAs":["https:\/\/www.facebook.com\/Ulkomaanapu\/","https:\/\/www.youtube.com\/user\/kirkonulkomaanapu","https:\/\/instagram.com\/kirkon_ulkomaanapu\/","https:\/\/www.linkedin.com\/company\/finn-church-aid\/"]},{"@type":"Person","@id":"https:\/\/www.kirkonulkomaanapu.fi\/#\/schema\/person\/31b6ed048d3e1da75eef07bb24058320","name":"Elisa Rimaila","image":{"@type":"ImageObject","inLanguage":"sv-SE","@id":"https:\/\/www.kirkonulkomaanapu.fi\/#\/schema\/person\/image\/","url":"https:\/\/secure.gravatar.com\/avatar\/65ca568d6d123ad5727bf3200db62d9e5200bc8a231cc30afe80ca1a344613e2?s=96&d=mm&r=g","contentUrl":"https:\/\/secure.gravatar.com\/avatar\/65ca568d6d123ad5727bf3200db62d9e5200bc8a231cc30afe80ca1a344613e2?s=96&d=mm&r=g","caption":"Elisa Rimaila"},"description":"Viestinn\u00e4n asiantuntija, Digital communications specialist"}]}},"_links":{"self":[{"href":"https:\/\/www.kirkonulkomaanapu.fi\/sv\/wp-json\/wp\/v2\/post\/129197","targetHints":{"allow":["GET"]}}],"collection":[{"href":"https:\/\/www.kirkonulkomaanapu.fi\/sv\/wp-json\/wp\/v2\/post"}],"about":[{"href":"https:\/\/www.kirkonulkomaanapu.fi\/sv\/wp-json\/wp\/v2\/types\/post"}],"author":[{"embeddable":true,"href":"https:\/\/www.kirkonulkomaanapu.fi\/sv\/wp-json\/wp\/v2\/users\/137"}],"replies":[{"embeddable":true,"href":"https:\/\/www.kirkonulkomaanapu.fi\/sv\/wp-json\/wp\/v2\/comments?post=129197"}],"version-history":[{"count":3,"href":"https:\/\/www.kirkonulkomaanapu.fi\/sv\/wp-json\/wp\/v2\/post\/129197\/revisions"}],"predecessor-version":[{"id":129591,"href":"https:\/\/www.kirkonulkomaanapu.fi\/sv\/wp-json\/wp\/v2\/post\/129197\/revisions\/129591"}],"wp:featuredmedia":[{"embeddable":true,"href":"https:\/\/www.kirkonulkomaanapu.fi\/sv\/wp-json\/wp\/v2\/media\/128702"}],"wp:attachment":[{"href":"https:\/\/www.kirkonulkomaanapu.fi\/sv\/wp-json\/wp\/v2\/media?parent=129197"}],"wp:term":[{"taxonomy":"category","embeddable":true,"href":"https:\/\/www.kirkonulkomaanapu.fi\/sv\/wp-json\/wp\/v2\/categories?post=129197"},{"taxonomy":"post_tag","embeddable":true,"href":"https:\/\/www.kirkonulkomaanapu.fi\/sv\/wp-json\/wp\/v2\/tags?post=129197"},{"taxonomy":"countries","embeddable":true,"href":"https:\/\/www.kirkonulkomaanapu.fi\/sv\/wp-json\/wp\/v2\/countries?post=129197"},{"taxonomy":"article_themes","embeddable":true,"href":"https:\/\/www.kirkonulkomaanapu.fi\/sv\/wp-json\/wp\/v2\/article_themes?post=129197"}],"curies":[{"name":"wp","href":"https:\/\/api.w.org\/{rel}","templated":true}]}}