{"id":156063,"date":"2025-07-31T15:13:23","date_gmt":"2025-07-31T12:13:23","guid":{"rendered":"https:\/\/www.kirkonulkomaanapu.fi\/ajankohtaista\/uutiset\/jarjestojen-kannanotto-gazan-laajamittaiset-nalkakuolemat-ovat-torjuttavissa\/"},"modified":"2025-08-01T14:41:05","modified_gmt":"2025-08-01T11:41:05","slug":"den-omfattande-svaltdoden-i-gaza-kan-avvarjas","status":"publish","type":"news","link":"https:\/\/www.kirkonulkomaanapu.fi\/sv\/aktuellt\/nyheter\/den-omfattande-svaltdoden-i-gaza-kan-avvarjas\/","title":{"rendered":"Organisationernas st\u00e4llningstagande: Den omfattande sv\u00e4ltd\u00f6den i Gaza kan avv\u00e4rjas, om m\u00f6jlighet till det ges"},"content":{"rendered":"\n<p><\/p>\n\n\n\n<h2 class=\"wp-block-heading\"><strong>Organisationernas st\u00e4llningstagande: Den omfattande sv\u00e4ltd\u00f6den i Gaza kan avv\u00e4rjas, om m\u00f6jlighet till det ges<\/strong><\/h2>\n\n\n\n<figure class=\"wp-block-image size-large\"><img loading=\"lazy\" decoding=\"async\" width=\"1024\" height=\"683\" src=\"https:\/\/www.kirkonulkomaanapu.fi\/wp-content\/uploads\/2025\/07\/CH11031424_Children-walk-down-the-destroyed-streets-of-Khan-Younis-the-Gaza-Strip-1024x683.jpg\" alt=\"Lapset k\u00e4velev\u00e4t tuhoutuneella kadulla.\" class=\"wp-image-156057\" srcset=\"https:\/\/www.kirkonulkomaanapu.fi\/wp-content\/uploads\/2025\/07\/CH11031424_Children-walk-down-the-destroyed-streets-of-Khan-Younis-the-Gaza-Strip-1024x683.jpg 1024w, https:\/\/www.kirkonulkomaanapu.fi\/wp-content\/uploads\/2025\/07\/CH11031424_Children-walk-down-the-destroyed-streets-of-Khan-Younis-the-Gaza-Strip-480x320.jpg 480w, https:\/\/www.kirkonulkomaanapu.fi\/wp-content\/uploads\/2025\/07\/CH11031424_Children-walk-down-the-destroyed-streets-of-Khan-Younis-the-Gaza-Strip-768x512.jpg 768w, https:\/\/www.kirkonulkomaanapu.fi\/wp-content\/uploads\/2025\/07\/CH11031424_Children-walk-down-the-destroyed-streets-of-Khan-Younis-the-Gaza-Strip-1536x1024.jpg 1536w, https:\/\/www.kirkonulkomaanapu.fi\/wp-content\/uploads\/2025\/07\/CH11031424_Children-walk-down-the-destroyed-streets-of-Khan-Younis-the-Gaza-Strip-2048x1366.jpg 2048w, https:\/\/www.kirkonulkomaanapu.fi\/wp-content\/uploads\/2025\/07\/CH11031424_Children-walk-down-the-destroyed-streets-of-Khan-Younis-the-Gaza-Strip-267x178.jpg 267w, https:\/\/www.kirkonulkomaanapu.fi\/wp-content\/uploads\/2025\/07\/CH11031424_Children-walk-down-the-destroyed-streets-of-Khan-Younis-the-Gaza-Strip-1920x1280.jpg 1920w\" sizes=\"auto, (max-width: 1024px) 100vw, 1024px\" \/><figcaption class=\"wp-element-caption\">Hus, skolor, h\u00e4lsov\u00e5rd och annan infrastruktur har totalf\u00f6rst\u00f6rts i Khan Yunis i Gaza. Foto: Sacha Myers \/ R\u00e4dda Barnen.<\/figcaption><\/figure>\n\n\n\n<p>N\u00f6den i Gaza har tilltagit till aldrig tidigare sk\u00e5dade m\u00e5tt. Trygga omr\u00e5den och m\u00f6jligheterna att f\u00e5 mat och annan livsviktig hj\u00e4lp har minskat och \u00e4r n\u00e4stan obefintliga, eftersom m\u00e4ngden humanit\u00e4r hj\u00e4lp som till\u00e5ts p\u00e5 omr\u00e5det \u00e4r fullst\u00e4ndigt otillr\u00e4ckligt och f\u00f6rh\u00e5llandena f\u00f6r bist\u00e5ndsarbete inte \u00e4r s\u00e4kra. Ocks\u00e5 hela h\u00e4lso- och sjukv\u00e5rden i Gaza har kollapsat.<\/p>\n\n\n\n<p>Enligt <a href=\"https:\/\/www.ipcinfo.org\/fileadmin\/user_upload\/ipcinfo\/docs\/IPC_GazaStrip_Alert_July2025.pdf\">IPC:s f\u00e4rska rapport<\/a> h\u00e5ller det v\u00e4rsta m\u00f6jliga scenariot p\u00e5 att f\u00f6rverkligas i Gaza: brant tilltagande sv\u00e4ltd\u00f6d. Av rapporten framg\u00e5r att det just nu \u00e4r \u00f6ver 70&nbsp;000 barn under fem \u00e5r och 17&nbsp;000 gravida och ammande kvinnor som lider av akut undern\u00e4ring. P\u00e5 hela Gazaremsan \u00e4r befolkningen som \u00e4r under fem \u00e5r i fara att drabbas av akut undern\u00e4ring.&nbsp;<\/p>\n\n\n\n<p>147 m\u00e4nniskor, av vilka 88 barn, har d\u00f6tt i undern\u00e4ring och sv\u00e4lt fr\u00e5n oktober 2023 enligt uppgifter fr\u00e5n Gazas h\u00e4lsoministerium. Enligt FN var det \u00e5tminstone 25 barn som dog p\u00e5 grund av undern\u00e4ring enbart i juli.<\/p>\n\n\n\n<p>Vi akt\u00f6rer f\u00f6r humanit\u00e4r hj\u00e4lp, d.v.s. Kyrkans Utlandshj\u00e4lp, R\u00e4dda Barnen, R\u00f6da Korset och UNICEF \u00e4r i st\u00e5nd att r\u00e4dda m\u00e4nniskoliv, men d\u00e5 kr\u00e4vs att funktionsf\u00f6rm\u00e5gan f\u00f6r det humanit\u00e4ra systemet \u00e5terst\u00e4lls.&nbsp;<\/p>\n\n\n\n<p>Vi f\u00e5r uppskakade meddelanden fr\u00e5n v\u00e5ra arbetstagare samt barn och familjer i Gaza. De ber\u00e4ttar hur det k\u00e4nns att vara utan mat flera dagar. De ber\u00e4ttar hur det k\u00e4nns att med egna \u00f6gon se sina barn utm\u00e4rglas. Barnen svimmar mitt under lek och deras h\u00f6gsta dr\u00f6mmar har att g\u00f6ra med mat.<\/p>\n\n\n\n<p>Kriget har ber\u00f6vat m\u00e4nniskorna alla f\u00f6ruts\u00e4ttningar till ett liv och barnen deras grundl\u00e4ggande r\u00e4ttigheter: r\u00e4tten till liv, \u00f6verlevnad och utveckling.<\/p>\n\n\n\n<p>Vi f\u00e5r ocks\u00e5 oroade meddelanden fr\u00e5n finl\u00e4ndare: medborgarna kr\u00e4ver \u00e5tg\u00e4rder f\u00f6r att hj\u00e4lpa m\u00e4nniskor i n\u00f6d. Vi finl\u00e4ndare \u00e4r ocks\u00e5 kapabla att agera f\u00f6r att bek\u00e4mpa den humanit\u00e4ra krisen och hungersn\u00f6den i Gaza, men f\u00f6r att kunna lindra den katastrofala situationen m\u00e5ste det vara m\u00f6jligt att leverera hj\u00e4lp obehindrat till omr\u00e5det.&nbsp;<\/p>\n\n\n\n<p>Bist\u00e5ndsorganisationerna har upprepade g\u00e5nger kr\u00e4vt hinderfritt, kontinuerligt och tryggt tilltr\u00e4de till omr\u00e5det f\u00f6r den humanit\u00e4ra hj\u00e4lpen. Civilbefolkningen \u00e4r nu mer \u00e4n n\u00e5gonsin i behov av mat, vatten och mediciner. Bist\u00e5ndstransporterna m\u00e5ste sl\u00e4ppas in p\u00e5 omr\u00e5det och f\u00f6r bist\u00e5ndsarbetarna m\u00f6jligg\u00f6ras s\u00e4kra f\u00f6rh\u00e5llanden att r\u00e4dda m\u00e4nniskoliv.<\/p>\n\n\n\n<p>Det h\u00e4r kr\u00e4ver ocks\u00e5 av Finland, EU och det internationella samfundet omedelbara \u00e5tg\u00e4rder f\u00f6r att \u00e5stadkomma permanent eldupph\u00f6r och f\u00f6r att skydda civilbefolkningen i Gaza.&nbsp;<\/p>\n\n\n\n<p>Den internationella, regelbaserade verksamheten s\u00e4tts nu p\u00e5 prov, men ett bist\u00e5nd, som \u00e4r opartiskt och baserar sig p\u00e5 humanit\u00e4ra principer och internationell humanit\u00e4r r\u00e4tt, gynnar alla parter.&nbsp;<\/p>\n\n\n\n<p>Vi kan inte bara st\u00e5 bredvid och f\u00f6lja med, n\u00e4r en hel befolkning sv\u00e4lter ihj\u00e4l framf\u00f6r v\u00e5ra \u00f6gon p\u00e5 grund av en katastrof som orsakats av m\u00e4nniskan. Att m\u00e4nniskor d\u00f6r kan f\u00f6rhindras.&nbsp;<\/p>\n\n\n\n<p><br><strong>Tomi J\u00e4rvinen<\/strong>, verksamhetsledare, Kyrkans Utlandshj\u00e4lp\u00a0<br><strong>Kaisa Leikola, <\/strong>generalsekreterare, R\u00e4dda Barnen rf\u00a0<br><strong>Annina Tanhuanp\u00e4\u00e4, <\/strong>generalsekreterare, Finlands UNICEF\u00a0<br><strong>Eero R\u00e4m\u00f6,<\/strong> generalsekreterare, Finlands R\u00f6da Kors\u00a0<\/p>\n","protected":false},"excerpt":{"rendered":"<p>Organisationernas st\u00e4llningstagande: Den omfattande sv\u00e4ltd\u00f6den i Gaza kan avv\u00e4rjas, om m\u00f6jlighet till det ges N\u00f6den i Gaza har tilltagit till aldrig tidigare sk\u00e5dade m\u00e5tt. Trygga omr\u00e5den och m\u00f6jligheterna att f\u00e5 mat och annan livsviktig hj\u00e4lp har minskat och \u00e4r n\u00e4stan obefintliga, eftersom m\u00e4ngden humanit\u00e4r hj\u00e4lp som till\u00e5ts p\u00e5 omr\u00e5det \u00e4r fullst\u00e4ndigt otillr\u00e4ckligt och f\u00f6rh\u00e5llandena f\u00f6r [&hellip;]<\/p>\n","protected":false},"author":156,"featured_media":156059,"menu_order":0,"template":"","meta":{"_acf_changed":false,"_relevanssi_hide_post":"","_relevanssi_hide_content":"","_relevanssi_pin_for_all":"","_relevanssi_pin_keywords":"","_relevanssi_unpin_keywords":"","_relevanssi_related_keywords":"","_relevanssi_related_include_ids":"","_relevanssi_related_exclude_ids":"","_relevanssi_related_no_append":"","_relevanssi_related_not_related":"","_relevanssi_related_posts":"114351,155472,154115,155346,155335,155359","_relevanssi_noindex_reason":"","_improvement_type_select":"improve_an_existing","_thumb_yes_seoaic":false,"_frame_yes_seoaic":false,"seoaic_generate_description":"","seoaic_improve_instructions_prompt":"","seoaic_rollback_content_improvement":"","seoaic_idea_thumbnail_generator":"","thumbnail_generated":false,"thumbnail_generate_prompt":"","seoaic_article_description":"","footnotes":""},"categories":[75,157],"countries":[430],"article_themes":[406,740],"class_list":["post-156063","news","type-news","status-publish","has-post-thumbnail","hentry","category-mellanostern","category-humanitart-bistand","countries-israel-och-de-ockuperade-palestinska-omradena","article_themes-humanitart-bistand","article_themes-humanitaarinen-apu-sv"],"acf":[],"yoast_head":"<!-- This site is optimized with the Yoast SEO plugin v26.9 - https:\/\/yoast.com\/product\/yoast-seo-wordpress\/ -->\n<title>Organisationernas st\u00e4llningstagande: Den omfattande sv\u00e4ltd\u00f6den i Gaza kan avv\u00e4rjas, om m\u00f6jlighet till det ges - Kyrkans Utlandshj\u00e4lp<\/title>\n<meta name=\"description\" content=\"N\u00f6den i Gaza har tilltagit till aldrig tidigare sk\u00e5dade m\u00e5tt. Trygga omr\u00e5den och m\u00f6jligheterna att f\u00e5 mat och annan livsviktig hj\u00e4lp har minskat och \u00e4r n\u00e4stan obefintliga, eftersom m\u00e4ngden humanit\u00e4r hj\u00e4lp som till\u00e5ts p\u00e5 omr\u00e5det \u00e4r fullst\u00e4ndigt otillr\u00e4ckligt och f\u00f6rh\u00e5llandena f\u00f6r bist\u00e5ndsarbete inte \u00e4r s\u00e4kra.\" \/>\n<meta name=\"robots\" content=\"index, follow, max-snippet:-1, max-image-preview:large, max-video-preview:-1\" \/>\n<link rel=\"canonical\" href=\"https:\/\/www.kirkonulkomaanapu.fi\/sv\/ajankohtaista\/uutiset\/den-omfattande-svaltdoden-i-gaza-kan-avvarjas\/\" \/>\n<meta property=\"og:locale\" content=\"sv_SE\" \/>\n<meta property=\"og:type\" content=\"article\" \/>\n<meta property=\"og:title\" content=\"Organisationernas st\u00e4llningstagande: Den omfattande sv\u00e4ltd\u00f6den i Gaza kan avv\u00e4rjas, om m\u00f6jlighet till det ges - Kyrkans Utlandshj\u00e4lp\" \/>\n<meta property=\"og:description\" content=\"N\u00f6den i Gaza har tilltagit till aldrig tidigare sk\u00e5dade m\u00e5tt. Trygga omr\u00e5den och m\u00f6jligheterna att f\u00e5 mat och annan livsviktig hj\u00e4lp har minskat och \u00e4r n\u00e4stan obefintliga, eftersom m\u00e4ngden humanit\u00e4r hj\u00e4lp som till\u00e5ts p\u00e5 omr\u00e5det \u00e4r fullst\u00e4ndigt otillr\u00e4ckligt och f\u00f6rh\u00e5llandena f\u00f6r bist\u00e5ndsarbete inte \u00e4r s\u00e4kra.\" \/>\n<meta property=\"og:url\" content=\"https:\/\/www.kirkonulkomaanapu.fi\/sv\/ajankohtaista\/uutiset\/den-omfattande-svaltdoden-i-gaza-kan-avvarjas\/\" \/>\n<meta property=\"og:site_name\" content=\"Kyrkans Utlandshj\u00e4lp\" \/>\n<meta property=\"article:publisher\" content=\"https:\/\/www.facebook.com\/Ulkomaanapu\/\" \/>\n<meta property=\"article:modified_time\" content=\"2025-08-01T11:41:05+00:00\" \/>\n<meta property=\"og:image\" content=\"https:\/\/www.kirkonulkomaanapu.fi\/wp-content\/uploads\/2025\/07\/CH11031424_Children-walk-down-the-destroyed-streets-of-Khan-Younis-the-Gaza-Strip-1024x683.jpg\" \/>\n\t<meta property=\"og:image:width\" content=\"1024\" \/>\n\t<meta property=\"og:image:height\" content=\"683\" \/>\n\t<meta property=\"og:image:type\" content=\"image\/jpeg\" \/>\n<meta name=\"twitter:label1\" content=\"Ber\u00e4knad l\u00e4stid\" \/>\n\t<meta name=\"twitter:data1\" content=\"4 minuter\" \/>\n<script type=\"application\/ld+json\" class=\"yoast-schema-graph\">{\"@context\":\"https:\/\/schema.org\",\"@graph\":[{\"@type\":\"WebPage\",\"@id\":\"https:\/\/www.kirkonulkomaanapu.fi\/sv\/ajankohtaista\/uutiset\/den-omfattande-svaltdoden-i-gaza-kan-avvarjas\/\",\"url\":\"https:\/\/www.kirkonulkomaanapu.fi\/sv\/ajankohtaista\/uutiset\/den-omfattande-svaltdoden-i-gaza-kan-avvarjas\/\",\"name\":\"Organisationernas st\u00e4llningstagande: Den omfattande sv\u00e4ltd\u00f6den i Gaza kan avv\u00e4rjas, om m\u00f6jlighet till det ges - Kyrkans Utlandshj\u00e4lp\",\"isPartOf\":{\"@id\":\"https:\/\/www.kirkonulkomaanapu.fi\/#website\"},\"primaryImageOfPage\":{\"@id\":\"https:\/\/www.kirkonulkomaanapu.fi\/sv\/ajankohtaista\/uutiset\/den-omfattande-svaltdoden-i-gaza-kan-avvarjas\/#primaryimage\"},\"image\":{\"@id\":\"https:\/\/www.kirkonulkomaanapu.fi\/sv\/ajankohtaista\/uutiset\/den-omfattande-svaltdoden-i-gaza-kan-avvarjas\/#primaryimage\"},\"thumbnailUrl\":\"https:\/\/www.kirkonulkomaanapu.fi\/wp-content\/uploads\/2025\/07\/CH11031424_Children-walk-down-the-destroyed-streets-of-Khan-Younis-the-Gaza-Strip.jpg\",\"datePublished\":\"2025-07-31T12:13:23+00:00\",\"dateModified\":\"2025-08-01T11:41:05+00:00\",\"description\":\"N\u00f6den i Gaza har tilltagit till aldrig tidigare sk\u00e5dade m\u00e5tt. Trygga omr\u00e5den och m\u00f6jligheterna att f\u00e5 mat och annan livsviktig hj\u00e4lp har minskat och \u00e4r n\u00e4stan obefintliga, eftersom m\u00e4ngden humanit\u00e4r hj\u00e4lp som till\u00e5ts p\u00e5 omr\u00e5det \u00e4r fullst\u00e4ndigt otillr\u00e4ckligt och f\u00f6rh\u00e5llandena f\u00f6r bist\u00e5ndsarbete inte \u00e4r s\u00e4kra.\",\"breadcrumb\":{\"@id\":\"https:\/\/www.kirkonulkomaanapu.fi\/sv\/ajankohtaista\/uutiset\/den-omfattande-svaltdoden-i-gaza-kan-avvarjas\/#breadcrumb\"},\"inLanguage\":\"sv-SE\",\"potentialAction\":[{\"@type\":\"ReadAction\",\"target\":[\"https:\/\/www.kirkonulkomaanapu.fi\/sv\/ajankohtaista\/uutiset\/den-omfattande-svaltdoden-i-gaza-kan-avvarjas\/\"]}]},{\"@type\":\"ImageObject\",\"inLanguage\":\"sv-SE\",\"@id\":\"https:\/\/www.kirkonulkomaanapu.fi\/sv\/ajankohtaista\/uutiset\/den-omfattande-svaltdoden-i-gaza-kan-avvarjas\/#primaryimage\",\"url\":\"https:\/\/www.kirkonulkomaanapu.fi\/wp-content\/uploads\/2025\/07\/CH11031424_Children-walk-down-the-destroyed-streets-of-Khan-Younis-the-Gaza-Strip.jpg\",\"contentUrl\":\"https:\/\/www.kirkonulkomaanapu.fi\/wp-content\/uploads\/2025\/07\/CH11031424_Children-walk-down-the-destroyed-streets-of-Khan-Younis-the-Gaza-Strip.jpg\",\"width\":3400,\"height\":2267,\"caption\":\"Homes, schools, health facilities and infrastructure have been completely destroyed in Khan Younis in the Gaza Strip. The war on Gaza since the 7 October attacks on Israel by Palestinian armed groups has resulted in horrendous consequences for children. More than 13,800 children in Gaza have been killed, as well as 106 children in the West Bank and 33 children in Israel. The humanitarian situation in Gaza is dire. Homes, hospitals and schools have been destroyed. More than 1.7 million people have been displaced. Now, more than one million children face the imminent threat of famine. Amidst extremely challenging conditions, Save the Children staff and partners have been working around the clock to support the most vulnerable children and families.\"},{\"@type\":\"BreadcrumbList\",\"@id\":\"https:\/\/www.kirkonulkomaanapu.fi\/sv\/ajankohtaista\/uutiset\/den-omfattande-svaltdoden-i-gaza-kan-avvarjas\/#breadcrumb\",\"itemListElement\":[{\"@type\":\"ListItem\",\"position\":1,\"name\":\"Home\",\"item\":\"https:\/\/www.kirkonulkomaanapu.fi\/sv\/\"},{\"@type\":\"ListItem\",\"position\":2,\"name\":\"Uutiset\",\"item\":\"https:\/\/www.kirkonulkomaanapu.fi\/ajankohtaista\/uutiset\/\"},{\"@type\":\"ListItem\",\"position\":3,\"name\":\"Organisationernas st\u00e4llningstagande: Den omfattande sv\u00e4ltd\u00f6den i Gaza kan avv\u00e4rjas, om m\u00f6jlighet till det ges\"}]},{\"@type\":\"WebSite\",\"@id\":\"https:\/\/www.kirkonulkomaanapu.fi\/#website\",\"url\":\"https:\/\/www.kirkonulkomaanapu.fi\/\",\"name\":\"Kirkon Ulkomaanapu\",\"description\":\"Suomen suurin kehitysyhteisty\u00f6j\u00e4rjest\u00f6\",\"publisher\":{\"@id\":\"https:\/\/www.kirkonulkomaanapu.fi\/#organization\"},\"alternateName\":\"KUA\",\"potentialAction\":[{\"@type\":\"SearchAction\",\"target\":{\"@type\":\"EntryPoint\",\"urlTemplate\":\"https:\/\/www.kirkonulkomaanapu.fi\/?s={search_term_string}\"},\"query-input\":{\"@type\":\"PropertyValueSpecification\",\"valueRequired\":true,\"valueName\":\"search_term_string\"}}],\"inLanguage\":\"sv-SE\"},{\"@type\":\"Organization\",\"@id\":\"https:\/\/www.kirkonulkomaanapu.fi\/#organization\",\"name\":\"Kirkon Ulkomaanapu\",\"alternateName\":\"KUA\",\"url\":\"https:\/\/www.kirkonulkomaanapu.fi\/\",\"logo\":{\"@type\":\"ImageObject\",\"inLanguage\":\"sv-SE\",\"@id\":\"https:\/\/www.kirkonulkomaanapu.fi\/#\/schema\/logo\/image\/\",\"url\":\"https:\/\/www.kirkonulkomaanapu.fi\/wp-content\/uploads\/2026\/02\/Kirkon-ulkomaanapu-logo-1.png\",\"contentUrl\":\"https:\/\/www.kirkonulkomaanapu.fi\/wp-content\/uploads\/2026\/02\/Kirkon-ulkomaanapu-logo-1.png\",\"width\":225,\"height\":225,\"caption\":\"Kirkon Ulkomaanapu\"},\"image\":{\"@id\":\"https:\/\/www.kirkonulkomaanapu.fi\/#\/schema\/logo\/image\/\"},\"sameAs\":[\"https:\/\/www.facebook.com\/Ulkomaanapu\/\",\"https:\/\/www.youtube.com\/user\/kirkonulkomaanapu\",\"https:\/\/instagram.com\/kirkon_ulkomaanapu\/\",\"https:\/\/www.linkedin.com\/company\/finn-church-aid\/\"]}]}<\/script>\n<!-- \/ Yoast SEO plugin. -->","yoast_head_json":{"title":"Organisationernas st\u00e4llningstagande: Den omfattande sv\u00e4ltd\u00f6den i Gaza kan avv\u00e4rjas, om m\u00f6jlighet till det ges - Kyrkans Utlandshj\u00e4lp","description":"N\u00f6den i Gaza har tilltagit till aldrig tidigare sk\u00e5dade m\u00e5tt. Trygga omr\u00e5den och m\u00f6jligheterna att f\u00e5 mat och annan livsviktig hj\u00e4lp har minskat och \u00e4r n\u00e4stan obefintliga, eftersom m\u00e4ngden humanit\u00e4r hj\u00e4lp som till\u00e5ts p\u00e5 omr\u00e5det \u00e4r fullst\u00e4ndigt otillr\u00e4ckligt och f\u00f6rh\u00e5llandena f\u00f6r bist\u00e5ndsarbete inte \u00e4r s\u00e4kra.","robots":{"index":"index","follow":"follow","max-snippet":"max-snippet:-1","max-image-preview":"max-image-preview:large","max-video-preview":"max-video-preview:-1"},"canonical":"https:\/\/www.kirkonulkomaanapu.fi\/sv\/ajankohtaista\/uutiset\/den-omfattande-svaltdoden-i-gaza-kan-avvarjas\/","og_locale":"sv_SE","og_type":"article","og_title":"Organisationernas st\u00e4llningstagande: Den omfattande sv\u00e4ltd\u00f6den i Gaza kan avv\u00e4rjas, om m\u00f6jlighet till det ges - Kyrkans Utlandshj\u00e4lp","og_description":"N\u00f6den i Gaza har tilltagit till aldrig tidigare sk\u00e5dade m\u00e5tt. Trygga omr\u00e5den och m\u00f6jligheterna att f\u00e5 mat och annan livsviktig hj\u00e4lp har minskat och \u00e4r n\u00e4stan obefintliga, eftersom m\u00e4ngden humanit\u00e4r hj\u00e4lp som till\u00e5ts p\u00e5 omr\u00e5det \u00e4r fullst\u00e4ndigt otillr\u00e4ckligt och f\u00f6rh\u00e5llandena f\u00f6r bist\u00e5ndsarbete inte \u00e4r s\u00e4kra.","og_url":"https:\/\/www.kirkonulkomaanapu.fi\/sv\/ajankohtaista\/uutiset\/den-omfattande-svaltdoden-i-gaza-kan-avvarjas\/","og_site_name":"Kyrkans Utlandshj\u00e4lp","article_publisher":"https:\/\/www.facebook.com\/Ulkomaanapu\/","article_modified_time":"2025-08-01T11:41:05+00:00","og_image":[{"width":1024,"height":683,"url":"https:\/\/www.kirkonulkomaanapu.fi\/wp-content\/uploads\/2025\/07\/CH11031424_Children-walk-down-the-destroyed-streets-of-Khan-Younis-the-Gaza-Strip-1024x683.jpg","type":"image\/jpeg"}],"twitter_misc":{"Ber\u00e4knad l\u00e4stid":"4 minuter"},"schema":{"@context":"https:\/\/schema.org","@graph":[{"@type":"WebPage","@id":"https:\/\/www.kirkonulkomaanapu.fi\/sv\/ajankohtaista\/uutiset\/den-omfattande-svaltdoden-i-gaza-kan-avvarjas\/","url":"https:\/\/www.kirkonulkomaanapu.fi\/sv\/ajankohtaista\/uutiset\/den-omfattande-svaltdoden-i-gaza-kan-avvarjas\/","name":"Organisationernas st\u00e4llningstagande: Den omfattande sv\u00e4ltd\u00f6den i Gaza kan avv\u00e4rjas, om m\u00f6jlighet till det ges - Kyrkans Utlandshj\u00e4lp","isPartOf":{"@id":"https:\/\/www.kirkonulkomaanapu.fi\/#website"},"primaryImageOfPage":{"@id":"https:\/\/www.kirkonulkomaanapu.fi\/sv\/ajankohtaista\/uutiset\/den-omfattande-svaltdoden-i-gaza-kan-avvarjas\/#primaryimage"},"image":{"@id":"https:\/\/www.kirkonulkomaanapu.fi\/sv\/ajankohtaista\/uutiset\/den-omfattande-svaltdoden-i-gaza-kan-avvarjas\/#primaryimage"},"thumbnailUrl":"https:\/\/www.kirkonulkomaanapu.fi\/wp-content\/uploads\/2025\/07\/CH11031424_Children-walk-down-the-destroyed-streets-of-Khan-Younis-the-Gaza-Strip.jpg","datePublished":"2025-07-31T12:13:23+00:00","dateModified":"2025-08-01T11:41:05+00:00","description":"N\u00f6den i Gaza har tilltagit till aldrig tidigare sk\u00e5dade m\u00e5tt. Trygga omr\u00e5den och m\u00f6jligheterna att f\u00e5 mat och annan livsviktig hj\u00e4lp har minskat och \u00e4r n\u00e4stan obefintliga, eftersom m\u00e4ngden humanit\u00e4r hj\u00e4lp som till\u00e5ts p\u00e5 omr\u00e5det \u00e4r fullst\u00e4ndigt otillr\u00e4ckligt och f\u00f6rh\u00e5llandena f\u00f6r bist\u00e5ndsarbete inte \u00e4r s\u00e4kra.","breadcrumb":{"@id":"https:\/\/www.kirkonulkomaanapu.fi\/sv\/ajankohtaista\/uutiset\/den-omfattande-svaltdoden-i-gaza-kan-avvarjas\/#breadcrumb"},"inLanguage":"sv-SE","potentialAction":[{"@type":"ReadAction","target":["https:\/\/www.kirkonulkomaanapu.fi\/sv\/ajankohtaista\/uutiset\/den-omfattande-svaltdoden-i-gaza-kan-avvarjas\/"]}]},{"@type":"ImageObject","inLanguage":"sv-SE","@id":"https:\/\/www.kirkonulkomaanapu.fi\/sv\/ajankohtaista\/uutiset\/den-omfattande-svaltdoden-i-gaza-kan-avvarjas\/#primaryimage","url":"https:\/\/www.kirkonulkomaanapu.fi\/wp-content\/uploads\/2025\/07\/CH11031424_Children-walk-down-the-destroyed-streets-of-Khan-Younis-the-Gaza-Strip.jpg","contentUrl":"https:\/\/www.kirkonulkomaanapu.fi\/wp-content\/uploads\/2025\/07\/CH11031424_Children-walk-down-the-destroyed-streets-of-Khan-Younis-the-Gaza-Strip.jpg","width":3400,"height":2267,"caption":"Homes, schools, health facilities and infrastructure have been completely destroyed in Khan Younis in the Gaza Strip. The war on Gaza since the 7 October attacks on Israel by Palestinian armed groups has resulted in horrendous consequences for children. More than 13,800 children in Gaza have been killed, as well as 106 children in the West Bank and 33 children in Israel. The humanitarian situation in Gaza is dire. Homes, hospitals and schools have been destroyed. More than 1.7 million people have been displaced. Now, more than one million children face the imminent threat of famine. Amidst extremely challenging conditions, Save the Children staff and partners have been working around the clock to support the most vulnerable children and families."},{"@type":"BreadcrumbList","@id":"https:\/\/www.kirkonulkomaanapu.fi\/sv\/ajankohtaista\/uutiset\/den-omfattande-svaltdoden-i-gaza-kan-avvarjas\/#breadcrumb","itemListElement":[{"@type":"ListItem","position":1,"name":"Home","item":"https:\/\/www.kirkonulkomaanapu.fi\/sv\/"},{"@type":"ListItem","position":2,"name":"Uutiset","item":"https:\/\/www.kirkonulkomaanapu.fi\/ajankohtaista\/uutiset\/"},{"@type":"ListItem","position":3,"name":"Organisationernas st\u00e4llningstagande: Den omfattande sv\u00e4ltd\u00f6den i Gaza kan avv\u00e4rjas, om m\u00f6jlighet till det ges"}]},{"@type":"WebSite","@id":"https:\/\/www.kirkonulkomaanapu.fi\/#website","url":"https:\/\/www.kirkonulkomaanapu.fi\/","name":"Kirkon Ulkomaanapu","description":"Suomen suurin kehitysyhteisty\u00f6j\u00e4rjest\u00f6","publisher":{"@id":"https:\/\/www.kirkonulkomaanapu.fi\/#organization"},"alternateName":"KUA","potentialAction":[{"@type":"SearchAction","target":{"@type":"EntryPoint","urlTemplate":"https:\/\/www.kirkonulkomaanapu.fi\/?s={search_term_string}"},"query-input":{"@type":"PropertyValueSpecification","valueRequired":true,"valueName":"search_term_string"}}],"inLanguage":"sv-SE"},{"@type":"Organization","@id":"https:\/\/www.kirkonulkomaanapu.fi\/#organization","name":"Kirkon Ulkomaanapu","alternateName":"KUA","url":"https:\/\/www.kirkonulkomaanapu.fi\/","logo":{"@type":"ImageObject","inLanguage":"sv-SE","@id":"https:\/\/www.kirkonulkomaanapu.fi\/#\/schema\/logo\/image\/","url":"https:\/\/www.kirkonulkomaanapu.fi\/wp-content\/uploads\/2026\/02\/Kirkon-ulkomaanapu-logo-1.png","contentUrl":"https:\/\/www.kirkonulkomaanapu.fi\/wp-content\/uploads\/2026\/02\/Kirkon-ulkomaanapu-logo-1.png","width":225,"height":225,"caption":"Kirkon Ulkomaanapu"},"image":{"@id":"https:\/\/www.kirkonulkomaanapu.fi\/#\/schema\/logo\/image\/"},"sameAs":["https:\/\/www.facebook.com\/Ulkomaanapu\/","https:\/\/www.youtube.com\/user\/kirkonulkomaanapu","https:\/\/instagram.com\/kirkon_ulkomaanapu\/","https:\/\/www.linkedin.com\/company\/finn-church-aid\/"]}]}},"_links":{"self":[{"href":"https:\/\/www.kirkonulkomaanapu.fi\/sv\/wp-json\/wp\/v2\/news\/156063","targetHints":{"allow":["GET"]}}],"collection":[{"href":"https:\/\/www.kirkonulkomaanapu.fi\/sv\/wp-json\/wp\/v2\/news"}],"about":[{"href":"https:\/\/www.kirkonulkomaanapu.fi\/sv\/wp-json\/wp\/v2\/types\/news"}],"author":[{"embeddable":true,"href":"https:\/\/www.kirkonulkomaanapu.fi\/sv\/wp-json\/wp\/v2\/users\/156"}],"version-history":[{"count":1,"href":"https:\/\/www.kirkonulkomaanapu.fi\/sv\/wp-json\/wp\/v2\/news\/156063\/revisions"}],"predecessor-version":[{"id":156065,"href":"https:\/\/www.kirkonulkomaanapu.fi\/sv\/wp-json\/wp\/v2\/news\/156063\/revisions\/156065"}],"wp:featuredmedia":[{"embeddable":true,"href":"https:\/\/www.kirkonulkomaanapu.fi\/sv\/wp-json\/wp\/v2\/media\/156059"}],"wp:attachment":[{"href":"https:\/\/www.kirkonulkomaanapu.fi\/sv\/wp-json\/wp\/v2\/media?parent=156063"}],"wp:term":[{"taxonomy":"category","embeddable":true,"href":"https:\/\/www.kirkonulkomaanapu.fi\/sv\/wp-json\/wp\/v2\/categories?post=156063"},{"taxonomy":"countries","embeddable":true,"href":"https:\/\/www.kirkonulkomaanapu.fi\/sv\/wp-json\/wp\/v2\/countries?post=156063"},{"taxonomy":"article_themes","embeddable":true,"href":"https:\/\/www.kirkonulkomaanapu.fi\/sv\/wp-json\/wp\/v2\/article_themes?post=156063"}],"curies":[{"name":"wp","href":"https:\/\/api.w.org\/{rel}","templated":true}]}}