{"id":140829,"date":"2023-05-10T11:38:57","date_gmt":"2023-05-10T08:38:57","guid":{"rendered":"https:\/\/www.kirkonulkomaanapu.fi\/?post_type=news&#038;p=140829"},"modified":"2023-05-10T12:00:26","modified_gmt":"2023-05-10T09:00:26","slug":"kuh-utvidgar-ukrainaarbetet-till-platser-narmare-fronten","status":"publish","type":"news","link":"https:\/\/www.kirkonulkomaanapu.fi\/sv\/aktuellt\/nyheter\/kuh-utvidgar-ukrainaarbetet-till-platser-narmare-fronten\/","title":{"rendered":"KUH utvidgar Ukrainaarbetet till platser n\u00e4rmare fronten"},"content":{"rendered":"\n\n\n<div class=\"block-hero full-width id-block\" style=\"background-image: url('');\">\n\n\t<div class=\"bg-mobile\" style=\"background-image: url('');\"><\/div>\n\n\t\n\t<div class=\"curtain\"><\/div>\n\n\t<div class=\"container\">\n\t\t<div class=\"row\">\n\t\t\t<div class=\"col\">\n\t\t\t\t<div class=\"inner-blocks entry-content\">\n\t\t\t\t\t\t\t\t\t\t\t\n\n<h1 class=\"wp-block-heading\"><\/h1>\n\n\n\t\t\t\t\t\t\t\t\t<\/div>\n\t\t\t<\/div>\n\t\t<\/div>\n\t<\/div>\n<\/div>\n\n\n\n\n\n\n\n\n<h1 class=\"wp-block-heading\">KUH utvidgar Ukrainaarbetet till platser n\u00e4rmare fronten<\/h1>\n\n\n\n<p class=\"is-style-ingress\">Anstr\u00e4ngingarna f\u00f6r utbildning forts\u00e4tter ocks\u00e5 p\u00e5 andra h\u00e5ll i Ukraina. Reparerade skolor \u00f6ppnar sina d\u00f6rrar och pekplattor donerades till daghem.<\/p>\n\n\n\n<p><strong>KYRKANS UTLANDSHJ\u00c4LP<\/strong> (KUH) Ukraina-operation utvidgas till Charkiv i nord\u00f6stra Ukraina d\u00e4r man lidit allvarliga skador under Rysslands storanfall. Tyngdpunkten f\u00f6r KUH:s arbete f\u00f6r utbildning, som inleddes \u00e5r 2022, har varit i norra Ukraina i Tjernihiv och Zjytomyr samt i omr\u00e5det kring huvudstaden Kiev.&nbsp;&nbsp;&nbsp;<\/p>\n\n\n\n<p>I Charkiv restaurerar KUH skolor som tagit skada under kriget, utrustar bombskydd och satsar p\u00e5 psykosocialt st\u00f6d f\u00f6r skolelever och l\u00e4rare.&nbsp;&nbsp;<\/p>\n\n\n\n<p>\u201dAtt utvidga arbetet till Charkiv \u00e4r ett stort steg. Det betyder att vi i forts\u00e4ttningen jobbar n\u00e4rmare krigets frontlinje och p\u00e5 ett omr\u00e5de som befriades f\u00f6r bara n\u00e5gra m\u00e5nader sedan\u201d, ber\u00e4ttar landschefen f\u00f6r Ukraina <strong>Patricia Maruschak<\/strong>.&nbsp;&nbsp;&nbsp;<\/p>\n\n\n\n<p>I Charkiv ordnas undervisningen fortfarande p\u00e5 distans eftersom n\u00e4rundervisning p\u00e5 grund av krigsoperationerna \u00e4nnu anses vara f\u00f6r farlig. KUH:s arbete blickar redan mot framtiden.&nbsp;&nbsp;&nbsp;<\/p>\n\n\n\n<p>\u201dVi vill s\u00e4kerst\u00e4lla att skolornas bombskydd \u00e4r utrustade och fungerande n\u00e4r skolorna igen kan \u00f6ppna sina d\u00f6rrar f\u00f6r n\u00e4rundervisning\u201d, f\u00f6rklarar Maruschak.<\/p>\n\n\n\n<h2 class=\"wp-block-heading\">Psykosocialt st\u00f6d f\u00f6r elever och l\u00e4rare<\/h2>\n\n\n\n<p>Arbetet i Charkiv \u00e4r en del av ett EU-finansierat utbildningsprojekt, i vilket \u00e4ven KUH:s partnerorganisationer Save the Children International, People in Need och War Child Holland deltar.&nbsp;&nbsp;<\/p>\n\n\n\n<p>De f\u00f6rsta med EU-medel \u00e5teruppbyggda skolorna \u00e4r redan verksamma i Tjernihiv i norra Ukraina.&nbsp; Tv\u00e5 skolor som tagit skada av bombningarna fick nya&nbsp; f\u00f6nster och dessutom reparerade man skador inomhus. Skolornas 1\u202f500 elever har kunnat \u00e5terg\u00e5 till n\u00e4rundervisning. Strax f\u00f6re sommaren slutf\u00f6rs andra skolreparationer.&nbsp;&nbsp;&nbsp;<\/p>\n\n\n\n<p>En stark tyngdpunkt f\u00f6r arbetet \u00e4r ukrainarnas psykiska ork i en sv\u00e5r situation d\u00e4r familjer har tvingats l\u00e4mna sina hem, familjemedlemmar \u00e4r vid fronten och n\u00e4rst\u00e5ende har d\u00f6tt. I Tjernihiv har KUH redan ordnat psykosociala st\u00f6daktiviter och utbildningar f\u00f6r elever och l\u00e4rare. Motsvarande arbete forts\u00e4tter ocks\u00e5 i Charkiv.&nbsp;<\/p>\n\n\n\n<figure class=\"wp-block-image size-large is-style-default\"><img loading=\"lazy\" decoding=\"async\" width=\"1024\" height=\"576\" src=\"https:\/\/www.kirkonulkomaanapu.fi\/wp-content\/uploads\/2023\/05\/ukraine-85-1024x576.jpg\" alt=\"Bombskydd i Ukraina. \" class=\"wp-image-140746\" srcset=\"https:\/\/www.kirkonulkomaanapu.fi\/wp-content\/uploads\/2023\/05\/ukraine-85-1024x576.jpg 1024w, https:\/\/www.kirkonulkomaanapu.fi\/wp-content\/uploads\/2023\/05\/ukraine-85-480x270.jpg 480w, https:\/\/www.kirkonulkomaanapu.fi\/wp-content\/uploads\/2023\/05\/ukraine-85-768x432.jpg 768w, https:\/\/www.kirkonulkomaanapu.fi\/wp-content\/uploads\/2023\/05\/ukraine-85-1536x864.jpg 1536w, https:\/\/www.kirkonulkomaanapu.fi\/wp-content\/uploads\/2023\/05\/ukraine-85-316x178.jpg 316w, https:\/\/www.kirkonulkomaanapu.fi\/wp-content\/uploads\/2023\/05\/ukraine-85.jpg 1920w\" sizes=\"auto, (max-width: 1024px) 100vw, 1024px\" \/><figcaption class=\"wp-element-caption\">Bombskyddena i Tjernihiv i norra Ukraina har utrustats s\u00e5, att skolg\u00e5ngen inte avbryts ens under ett luftalarm. I m\u00e4nga bombskydd kan barnen ocks\u00e5 \u00f6vernatta, ifall situationen kr\u00e4ver det. <em>Bild: Antti Yrj\u00f6nen \/ Kyrkans Utlandshj\u00e4lp<\/em><\/figcaption><\/figure>\n\n\n\n<h2 class=\"wp-block-heading\">Dagispedagogik med stiftelsest\u00f6d<\/h2>\n\n\n\n<p>Kyrkans Utlandshj\u00e4lp har under \u00e5ret ocks\u00e5 st\u00f6tt ukrainska l\u00e4roinr\u00e4ttningar vid inf\u00f6rskaffningar av n\u00f6dv\u00e4ndig utrustning. I slutet av april donerade KUH med st\u00f6d av Pirkko och Tarmo Vahvelainen  stiftelse pekplattor till tre daghem i Kievomr\u00e5det. Pekplattorna hade ett f\u00e4rdigt installerat program med hj\u00e4lp av vilket daghemmens under 6-\u00e5riga barn kan g\u00f6ra uppgifter l\u00e4mpliga f\u00f6r sin \u00e5lder.\u00a0\u00a0<\/p>\n\n\n\n<p>Pekplattan med sina applikationer inneh\u00e5ller mer \u00e4n 1\u202f800 olika uppgifter och spel som g\u00f6r det m\u00f6jligt f\u00f6r de sm\u00e5 barnen att studera tillsammans med sina familjer och daghemspersonalen.&nbsp; Applikationerna fungerar ocks\u00e5 offline, s\u00e5 inl\u00e4rningen kan forts\u00e4tta ocks\u00e5 i bombskydden under flyglarm.&nbsp;&nbsp;<\/p>\n\n\n\n<p>Text:&nbsp; Ulriikka My\u00f6h\u00e4nen, Natalia Korolyuk&nbsp;&nbsp;<\/p>\n","protected":false},"excerpt":{"rendered":"<p>KUH utvidgar Ukrainaarbetet till platser n\u00e4rmare fronten Anstr\u00e4ngingarna f\u00f6r utbildning forts\u00e4tter ocks\u00e5 p\u00e5 andra h\u00e5ll i Ukraina. Reparerade skolor \u00f6ppnar sina d\u00f6rrar och pekplattor donerades till daghem. KYRKANS UTLANDSHJ\u00c4LP (KUH) Ukraina-operation utvidgas till Charkiv i nord\u00f6stra Ukraina d\u00e4r man lidit allvarliga skador under Rysslands storanfall. Tyngdpunkten f\u00f6r KUH:s arbete f\u00f6r utbildning, som inleddes \u00e5r 2022, [&hellip;]<\/p>\n","protected":false},"author":137,"featured_media":140740,"menu_order":0,"template":"","meta":{"_acf_changed":false,"_relevanssi_hide_post":"","_relevanssi_hide_content":"","_relevanssi_pin_for_all":"","_relevanssi_pin_keywords":"","_relevanssi_unpin_keywords":"","_relevanssi_related_keywords":"","_relevanssi_related_include_ids":"","_relevanssi_related_exclude_ids":"","_relevanssi_related_no_append":"","_relevanssi_related_not_related":"","_relevanssi_related_posts":"121614,121424,108131,129197,121400,121649","_relevanssi_noindex_reason":"","_improvement_type_select":"improve_an_existing","_thumb_yes_seoaic":false,"_frame_yes_seoaic":false,"seoaic_generate_description":"","seoaic_improve_instructions_prompt":"","seoaic_rollback_content_improvement":"","seoaic_idea_thumbnail_generator":"","thumbnail_generated":false,"thumbnail_generate_prompt":"","seoaic_article_description":"","footnotes":""},"categories":[],"countries":[],"article_themes":[],"class_list":["post-140829","news","type-news","status-publish","has-post-thumbnail","hentry"],"acf":[],"yoast_head":"<!-- This site is optimized with the Yoast SEO plugin v26.9 - https:\/\/yoast.com\/product\/yoast-seo-wordpress\/ -->\n<title>KUH utvidgar Ukrainaarbetet till platser n\u00e4rmare fronten - Kyrkans Utlandshj\u00e4lp<\/title>\n<meta name=\"robots\" content=\"index, follow, max-snippet:-1, max-image-preview:large, max-video-preview:-1\" \/>\n<link rel=\"canonical\" href=\"https:\/\/www.kirkonulkomaanapu.fi\/sv\/aktuellt\/nyheter\/kuh-utvidgar-ukrainaarbetet-till-platser-narmare-fronten\/\" \/>\n<meta property=\"og:locale\" content=\"sv_SE\" \/>\n<meta property=\"og:type\" content=\"article\" \/>\n<meta property=\"og:title\" content=\"KUH utvidgar Ukrainaarbetet till platser n\u00e4rmare fronten - Kyrkans Utlandshj\u00e4lp\" \/>\n<meta property=\"og:description\" content=\"KUH utvidgar Ukrainaarbetet till platser n\u00e4rmare fronten Anstr\u00e4ngingarna f\u00f6r utbildning forts\u00e4tter ocks\u00e5 p\u00e5 andra h\u00e5ll i Ukraina. Reparerade skolor \u00f6ppnar sina d\u00f6rrar och pekplattor donerades till daghem. KYRKANS UTLANDSHJ\u00c4LP (KUH) Ukraina-operation utvidgas till Charkiv i nord\u00f6stra Ukraina d\u00e4r man lidit allvarliga skador under Rysslands storanfall. Tyngdpunkten f\u00f6r KUH:s arbete f\u00f6r utbildning, som inleddes \u00e5r 2022, [&hellip;]\" \/>\n<meta property=\"og:url\" content=\"https:\/\/www.kirkonulkomaanapu.fi\/sv\/aktuellt\/nyheter\/kuh-utvidgar-ukrainaarbetet-till-platser-narmare-fronten\/\" \/>\n<meta property=\"og:site_name\" content=\"Kyrkans Utlandshj\u00e4lp\" \/>\n<meta property=\"article:publisher\" content=\"https:\/\/www.facebook.com\/Ulkomaanapu\/\" \/>\n<meta property=\"article:modified_time\" content=\"2023-05-10T09:00:26+00:00\" \/>\n<meta property=\"og:image\" content=\"https:\/\/www.kirkonulkomaanapu.fi\/wp-content\/uploads\/2023\/05\/ukraine-1.jpg\" \/>\n\t<meta property=\"og:image:width\" content=\"1920\" \/>\n\t<meta property=\"og:image:height\" content=\"1080\" \/>\n\t<meta property=\"og:image:type\" content=\"image\/jpeg\" \/>\n<meta name=\"twitter:label1\" content=\"Ber\u00e4knad l\u00e4stid\" \/>\n\t<meta name=\"twitter:data1\" content=\"3 minuter\" \/>\n<script type=\"application\/ld+json\" class=\"yoast-schema-graph\">{\"@context\":\"https:\/\/schema.org\",\"@graph\":[{\"@type\":\"WebPage\",\"@id\":\"https:\/\/www.kirkonulkomaanapu.fi\/sv\/aktuellt\/nyheter\/kuh-utvidgar-ukrainaarbetet-till-platser-narmare-fronten\/\",\"url\":\"https:\/\/www.kirkonulkomaanapu.fi\/sv\/aktuellt\/nyheter\/kuh-utvidgar-ukrainaarbetet-till-platser-narmare-fronten\/\",\"name\":\"KUH utvidgar Ukrainaarbetet till platser n\u00e4rmare fronten - Kyrkans Utlandshj\u00e4lp\",\"isPartOf\":{\"@id\":\"https:\/\/www.kirkonulkomaanapu.fi\/#website\"},\"primaryImageOfPage\":{\"@id\":\"https:\/\/www.kirkonulkomaanapu.fi\/sv\/aktuellt\/nyheter\/kuh-utvidgar-ukrainaarbetet-till-platser-narmare-fronten\/#primaryimage\"},\"image\":{\"@id\":\"https:\/\/www.kirkonulkomaanapu.fi\/sv\/aktuellt\/nyheter\/kuh-utvidgar-ukrainaarbetet-till-platser-narmare-fronten\/#primaryimage\"},\"thumbnailUrl\":\"https:\/\/www.kirkonulkomaanapu.fi\/wp-content\/uploads\/2023\/05\/ukraine-1.jpg\",\"datePublished\":\"2023-05-10T08:38:57+00:00\",\"dateModified\":\"2023-05-10T09:00:26+00:00\",\"breadcrumb\":{\"@id\":\"https:\/\/www.kirkonulkomaanapu.fi\/sv\/aktuellt\/nyheter\/kuh-utvidgar-ukrainaarbetet-till-platser-narmare-fronten\/#breadcrumb\"},\"inLanguage\":\"sv-SE\",\"potentialAction\":[{\"@type\":\"ReadAction\",\"target\":[\"https:\/\/www.kirkonulkomaanapu.fi\/sv\/aktuellt\/nyheter\/kuh-utvidgar-ukrainaarbetet-till-platser-narmare-fronten\/\"]}]},{\"@type\":\"ImageObject\",\"inLanguage\":\"sv-SE\",\"@id\":\"https:\/\/www.kirkonulkomaanapu.fi\/sv\/aktuellt\/nyheter\/kuh-utvidgar-ukrainaarbetet-till-platser-narmare-fronten\/#primaryimage\",\"url\":\"https:\/\/www.kirkonulkomaanapu.fi\/wp-content\/uploads\/2023\/05\/ukraine-1.jpg\",\"contentUrl\":\"https:\/\/www.kirkonulkomaanapu.fi\/wp-content\/uploads\/2023\/05\/ukraine-1.jpg\",\"width\":1920,\"height\":1080,\"caption\":\"Kateryna Bokach teaches English to children and youth in Chernihiv. Summer clubs supported by Finn Church Aid brought children and youth together in Chernihiv, Ukraine during July and August 2022. The activities led by teachers included sports, games, art therapy, discussion clubs and English lessons, all which provide valuable psychosocial support to a war-affected population.\"},{\"@type\":\"BreadcrumbList\",\"@id\":\"https:\/\/www.kirkonulkomaanapu.fi\/sv\/aktuellt\/nyheter\/kuh-utvidgar-ukrainaarbetet-till-platser-narmare-fronten\/#breadcrumb\",\"itemListElement\":[{\"@type\":\"ListItem\",\"position\":1,\"name\":\"Home\",\"item\":\"https:\/\/www.kirkonulkomaanapu.fi\/sv\/\"},{\"@type\":\"ListItem\",\"position\":2,\"name\":\"Uutiset\",\"item\":\"https:\/\/www.kirkonulkomaanapu.fi\/ajankohtaista\/uutiset\/\"},{\"@type\":\"ListItem\",\"position\":3,\"name\":\"KUH utvidgar Ukrainaarbetet till platser n\u00e4rmare fronten\"}]},{\"@type\":\"WebSite\",\"@id\":\"https:\/\/www.kirkonulkomaanapu.fi\/#website\",\"url\":\"https:\/\/www.kirkonulkomaanapu.fi\/\",\"name\":\"Kirkon Ulkomaanapu\",\"description\":\"Suomen suurin kehitysyhteisty\u00f6j\u00e4rjest\u00f6\",\"publisher\":{\"@id\":\"https:\/\/www.kirkonulkomaanapu.fi\/#organization\"},\"alternateName\":\"KUA\",\"potentialAction\":[{\"@type\":\"SearchAction\",\"target\":{\"@type\":\"EntryPoint\",\"urlTemplate\":\"https:\/\/www.kirkonulkomaanapu.fi\/?s={search_term_string}\"},\"query-input\":{\"@type\":\"PropertyValueSpecification\",\"valueRequired\":true,\"valueName\":\"search_term_string\"}}],\"inLanguage\":\"sv-SE\"},{\"@type\":\"Organization\",\"@id\":\"https:\/\/www.kirkonulkomaanapu.fi\/#organization\",\"name\":\"Kirkon Ulkomaanapu\",\"alternateName\":\"KUA\",\"url\":\"https:\/\/www.kirkonulkomaanapu.fi\/\",\"logo\":{\"@type\":\"ImageObject\",\"inLanguage\":\"sv-SE\",\"@id\":\"https:\/\/www.kirkonulkomaanapu.fi\/#\/schema\/logo\/image\/\",\"url\":\"https:\/\/www.kirkonulkomaanapu.fi\/wp-content\/uploads\/2026\/02\/Kirkon-ulkomaanapu-logo-1.png\",\"contentUrl\":\"https:\/\/www.kirkonulkomaanapu.fi\/wp-content\/uploads\/2026\/02\/Kirkon-ulkomaanapu-logo-1.png\",\"width\":225,\"height\":225,\"caption\":\"Kirkon Ulkomaanapu\"},\"image\":{\"@id\":\"https:\/\/www.kirkonulkomaanapu.fi\/#\/schema\/logo\/image\/\"},\"sameAs\":[\"https:\/\/www.facebook.com\/Ulkomaanapu\/\",\"https:\/\/www.youtube.com\/user\/kirkonulkomaanapu\",\"https:\/\/instagram.com\/kirkon_ulkomaanapu\/\",\"https:\/\/www.linkedin.com\/company\/finn-church-aid\/\"]}]}<\/script>\n<!-- \/ Yoast SEO plugin. -->","yoast_head_json":{"title":"KUH utvidgar Ukrainaarbetet till platser n\u00e4rmare fronten - Kyrkans Utlandshj\u00e4lp","robots":{"index":"index","follow":"follow","max-snippet":"max-snippet:-1","max-image-preview":"max-image-preview:large","max-video-preview":"max-video-preview:-1"},"canonical":"https:\/\/www.kirkonulkomaanapu.fi\/sv\/aktuellt\/nyheter\/kuh-utvidgar-ukrainaarbetet-till-platser-narmare-fronten\/","og_locale":"sv_SE","og_type":"article","og_title":"KUH utvidgar Ukrainaarbetet till platser n\u00e4rmare fronten - Kyrkans Utlandshj\u00e4lp","og_description":"KUH utvidgar Ukrainaarbetet till platser n\u00e4rmare fronten Anstr\u00e4ngingarna f\u00f6r utbildning forts\u00e4tter ocks\u00e5 p\u00e5 andra h\u00e5ll i Ukraina. Reparerade skolor \u00f6ppnar sina d\u00f6rrar och pekplattor donerades till daghem. KYRKANS UTLANDSHJ\u00c4LP (KUH) Ukraina-operation utvidgas till Charkiv i nord\u00f6stra Ukraina d\u00e4r man lidit allvarliga skador under Rysslands storanfall. Tyngdpunkten f\u00f6r KUH:s arbete f\u00f6r utbildning, som inleddes \u00e5r 2022, [&hellip;]","og_url":"https:\/\/www.kirkonulkomaanapu.fi\/sv\/aktuellt\/nyheter\/kuh-utvidgar-ukrainaarbetet-till-platser-narmare-fronten\/","og_site_name":"Kyrkans Utlandshj\u00e4lp","article_publisher":"https:\/\/www.facebook.com\/Ulkomaanapu\/","article_modified_time":"2023-05-10T09:00:26+00:00","og_image":[{"width":1920,"height":1080,"url":"https:\/\/www.kirkonulkomaanapu.fi\/wp-content\/uploads\/2023\/05\/ukraine-1.jpg","type":"image\/jpeg"}],"twitter_misc":{"Ber\u00e4knad l\u00e4stid":"3 minuter"},"schema":{"@context":"https:\/\/schema.org","@graph":[{"@type":"WebPage","@id":"https:\/\/www.kirkonulkomaanapu.fi\/sv\/aktuellt\/nyheter\/kuh-utvidgar-ukrainaarbetet-till-platser-narmare-fronten\/","url":"https:\/\/www.kirkonulkomaanapu.fi\/sv\/aktuellt\/nyheter\/kuh-utvidgar-ukrainaarbetet-till-platser-narmare-fronten\/","name":"KUH utvidgar Ukrainaarbetet till platser n\u00e4rmare fronten - Kyrkans Utlandshj\u00e4lp","isPartOf":{"@id":"https:\/\/www.kirkonulkomaanapu.fi\/#website"},"primaryImageOfPage":{"@id":"https:\/\/www.kirkonulkomaanapu.fi\/sv\/aktuellt\/nyheter\/kuh-utvidgar-ukrainaarbetet-till-platser-narmare-fronten\/#primaryimage"},"image":{"@id":"https:\/\/www.kirkonulkomaanapu.fi\/sv\/aktuellt\/nyheter\/kuh-utvidgar-ukrainaarbetet-till-platser-narmare-fronten\/#primaryimage"},"thumbnailUrl":"https:\/\/www.kirkonulkomaanapu.fi\/wp-content\/uploads\/2023\/05\/ukraine-1.jpg","datePublished":"2023-05-10T08:38:57+00:00","dateModified":"2023-05-10T09:00:26+00:00","breadcrumb":{"@id":"https:\/\/www.kirkonulkomaanapu.fi\/sv\/aktuellt\/nyheter\/kuh-utvidgar-ukrainaarbetet-till-platser-narmare-fronten\/#breadcrumb"},"inLanguage":"sv-SE","potentialAction":[{"@type":"ReadAction","target":["https:\/\/www.kirkonulkomaanapu.fi\/sv\/aktuellt\/nyheter\/kuh-utvidgar-ukrainaarbetet-till-platser-narmare-fronten\/"]}]},{"@type":"ImageObject","inLanguage":"sv-SE","@id":"https:\/\/www.kirkonulkomaanapu.fi\/sv\/aktuellt\/nyheter\/kuh-utvidgar-ukrainaarbetet-till-platser-narmare-fronten\/#primaryimage","url":"https:\/\/www.kirkonulkomaanapu.fi\/wp-content\/uploads\/2023\/05\/ukraine-1.jpg","contentUrl":"https:\/\/www.kirkonulkomaanapu.fi\/wp-content\/uploads\/2023\/05\/ukraine-1.jpg","width":1920,"height":1080,"caption":"Kateryna Bokach teaches English to children and youth in Chernihiv. Summer clubs supported by Finn Church Aid brought children and youth together in Chernihiv, Ukraine during July and August 2022. The activities led by teachers included sports, games, art therapy, discussion clubs and English lessons, all which provide valuable psychosocial support to a war-affected population."},{"@type":"BreadcrumbList","@id":"https:\/\/www.kirkonulkomaanapu.fi\/sv\/aktuellt\/nyheter\/kuh-utvidgar-ukrainaarbetet-till-platser-narmare-fronten\/#breadcrumb","itemListElement":[{"@type":"ListItem","position":1,"name":"Home","item":"https:\/\/www.kirkonulkomaanapu.fi\/sv\/"},{"@type":"ListItem","position":2,"name":"Uutiset","item":"https:\/\/www.kirkonulkomaanapu.fi\/ajankohtaista\/uutiset\/"},{"@type":"ListItem","position":3,"name":"KUH utvidgar Ukrainaarbetet till platser n\u00e4rmare fronten"}]},{"@type":"WebSite","@id":"https:\/\/www.kirkonulkomaanapu.fi\/#website","url":"https:\/\/www.kirkonulkomaanapu.fi\/","name":"Kirkon Ulkomaanapu","description":"Suomen suurin kehitysyhteisty\u00f6j\u00e4rjest\u00f6","publisher":{"@id":"https:\/\/www.kirkonulkomaanapu.fi\/#organization"},"alternateName":"KUA","potentialAction":[{"@type":"SearchAction","target":{"@type":"EntryPoint","urlTemplate":"https:\/\/www.kirkonulkomaanapu.fi\/?s={search_term_string}"},"query-input":{"@type":"PropertyValueSpecification","valueRequired":true,"valueName":"search_term_string"}}],"inLanguage":"sv-SE"},{"@type":"Organization","@id":"https:\/\/www.kirkonulkomaanapu.fi\/#organization","name":"Kirkon Ulkomaanapu","alternateName":"KUA","url":"https:\/\/www.kirkonulkomaanapu.fi\/","logo":{"@type":"ImageObject","inLanguage":"sv-SE","@id":"https:\/\/www.kirkonulkomaanapu.fi\/#\/schema\/logo\/image\/","url":"https:\/\/www.kirkonulkomaanapu.fi\/wp-content\/uploads\/2026\/02\/Kirkon-ulkomaanapu-logo-1.png","contentUrl":"https:\/\/www.kirkonulkomaanapu.fi\/wp-content\/uploads\/2026\/02\/Kirkon-ulkomaanapu-logo-1.png","width":225,"height":225,"caption":"Kirkon Ulkomaanapu"},"image":{"@id":"https:\/\/www.kirkonulkomaanapu.fi\/#\/schema\/logo\/image\/"},"sameAs":["https:\/\/www.facebook.com\/Ulkomaanapu\/","https:\/\/www.youtube.com\/user\/kirkonulkomaanapu","https:\/\/instagram.com\/kirkon_ulkomaanapu\/","https:\/\/www.linkedin.com\/company\/finn-church-aid\/"]}]}},"_links":{"self":[{"href":"https:\/\/www.kirkonulkomaanapu.fi\/sv\/wp-json\/wp\/v2\/news\/140829","targetHints":{"allow":["GET"]}}],"collection":[{"href":"https:\/\/www.kirkonulkomaanapu.fi\/sv\/wp-json\/wp\/v2\/news"}],"about":[{"href":"https:\/\/www.kirkonulkomaanapu.fi\/sv\/wp-json\/wp\/v2\/types\/news"}],"author":[{"embeddable":true,"href":"https:\/\/www.kirkonulkomaanapu.fi\/sv\/wp-json\/wp\/v2\/users\/137"}],"version-history":[{"count":3,"href":"https:\/\/www.kirkonulkomaanapu.fi\/sv\/wp-json\/wp\/v2\/news\/140829\/revisions"}],"predecessor-version":[{"id":140842,"href":"https:\/\/www.kirkonulkomaanapu.fi\/sv\/wp-json\/wp\/v2\/news\/140829\/revisions\/140842"}],"wp:featuredmedia":[{"embeddable":true,"href":"https:\/\/www.kirkonulkomaanapu.fi\/sv\/wp-json\/wp\/v2\/media\/140740"}],"wp:attachment":[{"href":"https:\/\/www.kirkonulkomaanapu.fi\/sv\/wp-json\/wp\/v2\/media?parent=140829"}],"wp:term":[{"taxonomy":"category","embeddable":true,"href":"https:\/\/www.kirkonulkomaanapu.fi\/sv\/wp-json\/wp\/v2\/categories?post=140829"},{"taxonomy":"countries","embeddable":true,"href":"https:\/\/www.kirkonulkomaanapu.fi\/sv\/wp-json\/wp\/v2\/countries?post=140829"},{"taxonomy":"article_themes","embeddable":true,"href":"https:\/\/www.kirkonulkomaanapu.fi\/sv\/wp-json\/wp\/v2\/article_themes?post=140829"}],"curies":[{"name":"wp","href":"https:\/\/api.w.org\/{rel}","templated":true}]}}