{"id":124545,"date":"2021-10-28T14:56:21","date_gmt":"2021-10-28T11:56:21","guid":{"rendered":"https:\/\/www.kirkonulkomaanapu.fi\/?post_type=news&#038;p=124545"},"modified":"2021-12-03T09:31:51","modified_gmt":"2021-12-03T07:31:51","slug":"livsmedel-och-filtar-till-familjer-i-afghanistan-infor-en-kall-vinter","status":"publish","type":"news","link":"https:\/\/www.kirkonulkomaanapu.fi\/sv\/aktuellt\/nyheter\/livsmedel-och-filtar-till-familjer-i-afghanistan-infor-en-kall-vinter\/","title":{"rendered":"Livsmedel och filtar till familjer i Afghanistan inf\u00f6r en kall vinter"},"content":{"rendered":"\n<h1 class=\"wp-block-heading\">Livsmedel och filtar till familjer i Afghanistan inf\u00f6r en kall vinter<\/h1>\n\n\n\n<figure class=\"wp-block-image size-large\"><img loading=\"lazy\" decoding=\"async\" width=\"1024\" height=\"576\" src=\"https:\/\/www.kirkonulkomaanapu.fi\/wp-content\/uploads\/2021\/10\/afga-1024x576.jpg\" alt=\"avustusty\u00f6ntekij\u00f6it\u00e4 selin rinteess\u00e4 ihmisjoukon kanssa\" class=\"wp-image-124432\" srcset=\"https:\/\/www.kirkonulkomaanapu.fi\/wp-content\/uploads\/2021\/10\/afga-1024x576.jpg 1024w, https:\/\/www.kirkonulkomaanapu.fi\/wp-content\/uploads\/2021\/10\/afga-480x270.jpg 480w, https:\/\/www.kirkonulkomaanapu.fi\/wp-content\/uploads\/2021\/10\/afga-768x432.jpg 768w, https:\/\/www.kirkonulkomaanapu.fi\/wp-content\/uploads\/2021\/10\/afga-1536x864.jpg 1536w, https:\/\/www.kirkonulkomaanapu.fi\/wp-content\/uploads\/2021\/10\/afga-316x178.jpg 316w, https:\/\/www.kirkonulkomaanapu.fi\/wp-content\/uploads\/2021\/10\/afga.jpg 1588w\" sizes=\"auto, (max-width: 1024px) 100vw, 1024px\" \/><figcaption> HIA-Hungary har arbetat med humanit\u00e4rt bist\u00e5nd och utvecklingssamarbete i Afghanistan fr\u00e5n och med \u00e5r 2001. Organisationen har projekt i flera provinser i landet. <em>Bild: Giuliano Stochino Weiss \/ HIA-Hungary<\/em><\/figcaption><\/figure>\n\n\n\n<p class=\"is-style-ingress\">Den humanit\u00e4ra situationen i Afghanistan \u00e4r extremt allvarlig. Enligt de senaste bed\u00f6mningarna har 95 procent av landets befolkning inte tillr\u00e4ckligt med mat.<\/p>\n\n\n\n<p><strong>KYRKANS UTLANDSHJ\u00c4LP<\/strong> har inlett n\u00f6dhj\u00e4lpsleveranser till Afghanistan tillsammans med sin partnerorganisation HIA-Hungary. Sammanlagt skickar vi n\u00f6dhj\u00e4lp f\u00f6r 200 000 euro och i det ing\u00e5r livsmedel och filtar inf\u00f6r vintern.<\/p>\n\n\n\n<p>I Afghanistan bor det 40 miljoner m\u00e4nniskor och den humanit\u00e4ra situationen d\u00e4r \u00e4r ytterst allvarlig. Mer \u00e4n 40 \u00e5r av krig, de senaste m\u00e5nadernas upptrappade konflikt, fattigdom, covid-19-pandemin och den p\u00e5g\u00e5ende klimatf\u00f6r\u00e4ndringen har \u00e4ventyrat livsmedelstryggheten i Afghanistan.<\/p>\n\n\n\n<p>I och med att den nya talibanledda regeringen tog \u00f6ver makten har m\u00e5nga internationella organisationer och finansi\u00e4rer lagt ner sin verksamhet i Afghanistan. Krisen i Afghanistan har lett till att landets bankv\u00e4sende har rasat samman, m\u00f6jligheterna att f\u00f6rs\u00f6rja sig har minskat och priset p\u00e5 livsmedel har \u00f6kat kraftigt.<\/p>\n\n\n\n<h2 class=\"wp-block-heading\">St\u00f6rsta delen har inte tillr\u00e4ckligt att \u00e4ta<\/h2>\n\n\n\n<p>Enligt FN:s livsmedelsprogram har 95 procent av afghanerna inte tillr\u00e4ckligt med mat att \u00e4ta och h\u00e4lften av befolkningen lider av akut livsmedelsbrist.<\/p>\n\n\n\n<p>\u201dJag lever fr\u00e5n hand i mun p\u00e5 min lilla l\u00f6n som v\u00e4ktare vid ett privat sjukhus. Priserna stiger varje dag, s\u00e5 jag har sv\u00e5rt att f\u00f6rs\u00f6rja min familj. Nu har jag ingen annan r\u00e5d \u00e4n att ta hem mat som inte har g\u00e5tt \u00e5t p\u00e5 sjukhuset d\u00e4r jag jobbar,\u201d s\u00e4ger <strong>Akhtar Mohammad<\/strong>, som bor i Mazar-i-Sharif.<\/p>\n\n\n\n<p><strong>Waheed<\/strong> bor i samma omr\u00e5de och ber\u00e4ttar att han hade ett l\u00e4rlingsavtal p\u00e5 en verkstad innan situationen i landet nyligen f\u00f6rv\u00e4rrades.<\/p>\n\n\n\n<p>\u201dJag f\u00f6rtj\u00e4nade ungef\u00e4r 6000 afghani (57 euro) i m\u00e5naden. Nu har jag inte det jobbet l\u00e4ngre. Jag g\u00f6r str\u00f6jobb med min skottk\u00e4rra och f\u00f6rtj\u00e4nar 80\u2013100 afghani (mindre \u00e4n en euro) om dagen. Jag kan inte gl\u00f6mma att vi inte hade olja att laga mat med i n\u00e4stan en vecka. Jag var tvungen att l\u00e5na pengar f\u00f6r att kunna k\u00f6pa olja,\u201d ber\u00e4ttar Waheed.<\/p>\n\n\n\n<p>Krisl\u00e4get har gjort att m\u00e5nga helt saknar inkomster, vilket g\u00f6r det om\u00f6jligt att f\u00f6rs\u00f6rja sig utan hj\u00e4lp utifr\u00e5n.<\/p>\n\n\n\n<h2 class=\"wp-block-heading\">Filtar f\u00f6r en kall vinter<\/h2>\n\n\n\n<p>Kyrkans Utlandshj\u00e4lp och HIA-Hungary delar ut bist\u00e5nd i provinserna Balkh och Samangan i norra Afghanistan. M\u00e5let \u00e4r att n\u00e5 ungef\u00e4r 14 000 av de m\u00e4nniskor som \u00e4r mest utsatta.<\/p>\n\n\n\n<p>Hj\u00e4lpen riktas i synnerhet till kvinnor och barn, till personer med funktionsneds\u00e4ttningar och sjukdomar samt till personer som lever i t\u00e4lt eller som har tagit emot andra hj\u00e4lpbeh\u00f6vande familjer i sitt hem.<\/p>\n\n\n\n<p>Familjerna f\u00e5r livsmedelsbist\u00e5nd i form av vetemj\u00f6l, risk, vegetabilisk olja, b\u00f6nor, kex och babymat. Att vintern \u00e4r p\u00e5 v\u00e4g oroar ocks\u00e5 lokalbefolkningen.<\/p>\n\n\n\n<p>\u201dJag \u00e4r r\u00e4dd, f\u00f6r mina barn beh\u00f6ver varma kl\u00e4der. Mest oroar jag mig \u00f6ver att det \u00e4r sv\u00e5rt att f\u00e5 tag p\u00e5 ingredienser f\u00f6r att baka br\u00f6d nuf\u00f6rtiden,\u201d s\u00e4ger <strong>Simagul<\/strong>, en \u00e4nka med fem barn i norra Afghanistan.<br>Meningen \u00e4r att dela ut v\u00e4rmande filtar till 2 000 hush\u00e5ll i samband med Kyrkans Utlandshj\u00e4lps och HIA-Hungarys n\u00f6dhj\u00e4lpsutdelning.<\/p>\n\n\n\n<p>HIA-Hungary har arbetat med humanit\u00e4rt bist\u00e5nd och utvecklingssamarbete i Afghanistan fr\u00e5n och med \u00e5r 2001. Organisationen har projekt i flera provinser i landet. Den bist\u00e5ndsoperation som nu har inletts p\u00e5g\u00e5r fr\u00e5n oktober till december.<\/p>\n\n\n\n<h3 class=\"wp-block-heading\">Mer information ger:<\/h3>\n\n\n\n<p>sakkunnig inom humanit\u00e4rt arbete Jan De Waegemaeker, tfn +358 50 574 0481, <a href=\"mailto:jan.de.waegemaeker@kua.fi\">jan.de.waegemaeker@kua.fi<\/a> F\u00f6rfr\u00e5gningar och intervjuer p\u00e5 engelska.<br><br>vice verksamhetsledare Tomi J\u00e4rvinen, tfn +358 40 641 8209, <a href=\"mailto:tomi.jarvinen@kua.fi\">tomi.jarvinen@kua.fi<\/a> Intervjuer p\u00e5 finska.<\/p>\n\n\n\n<p><\/p>\n\n\n\n<h2 class=\"wp-block-heading\"><strong>Du kan st\u00f6da Kyrkans Utlandshj\u00e4lps humanit\u00e4ra arbete i Afghanistan genom att ge ett bidrag:<\/strong><\/h2>\n\n\n\n<p><strong>Traditionellt bankgiro:<\/strong><br>Nordea: FI33 1572 3000 5005 04, referens 2273<br><br><strong>SMS-bidrag:<\/strong><br>Skicka SMS:et APU20 till nummer 16499 (20 \u20ac).<\/p>\n\n\n\n\n\n<div class=\"block-donation full-width id-block\">\n\t\n\t<\/div>\n","protected":false},"excerpt":{"rendered":"<p>Livsmedel och filtar till familjer i Afghanistan inf\u00f6r en kall vinter Den humanit\u00e4ra situationen i Afghanistan \u00e4r extremt allvarlig. Enligt de senaste bed\u00f6mningarna har 95 procent av landets befolkning inte tillr\u00e4ckligt med mat. KYRKANS UTLANDSHJ\u00c4LP har inlett n\u00f6dhj\u00e4lpsleveranser till Afghanistan tillsammans med sin partnerorganisation HIA-Hungary. Sammanlagt skickar vi n\u00f6dhj\u00e4lp f\u00f6r 200 000 euro och i [&hellip;]<\/p>\n","protected":false},"author":137,"featured_media":124432,"menu_order":0,"template":"","meta":{"_acf_changed":false,"_relevanssi_hide_post":"","_relevanssi_hide_content":"","_relevanssi_pin_for_all":"","_relevanssi_pin_keywords":"","_relevanssi_unpin_keywords":"","_relevanssi_related_keywords":"","_relevanssi_related_include_ids":"","_relevanssi_related_exclude_ids":"","_relevanssi_related_no_append":"","_relevanssi_related_not_related":"","_relevanssi_related_posts":"121424,121400,63644,121649,121614,108131","_relevanssi_noindex_reason":"","_improvement_type_select":"improve_an_existing","_thumb_yes_seoaic":false,"_frame_yes_seoaic":false,"seoaic_generate_description":"","seoaic_improve_instructions_prompt":"","seoaic_rollback_content_improvement":"","seoaic_idea_thumbnail_generator":"","thumbnail_generated":false,"thumbnail_generate_prompt":"","seoaic_article_description":"","footnotes":""},"categories":[21,73,157],"countries":[],"article_themes":[406,740],"class_list":["post-124545","news","type-news","status-publish","has-post-thumbnail","hentry","category-allman","category-asien","category-humanitart-bistand","article_themes-humanitart-bistand","article_themes-humanitaarinen-apu-sv"],"acf":[],"yoast_head":"<!-- This site is optimized with the Yoast SEO plugin v26.9 - https:\/\/yoast.com\/product\/yoast-seo-wordpress\/ -->\n<title>Livsmedel och filtar till familjer i Afghanistan inf\u00f6r en kall vinter - Kyrkans Utlandshj\u00e4lp<\/title>\n<meta name=\"description\" content=\"Enligt FN:s livsmedelsprogram har 95 procent av afghanerna inte tillr\u00e4ckligt med mat att \u00e4ta och h\u00e4lften av befolkningen lider av akut livsmedelsbrist.\" \/>\n<meta name=\"robots\" content=\"index, follow, max-snippet:-1, max-image-preview:large, max-video-preview:-1\" \/>\n<link rel=\"canonical\" href=\"https:\/\/www.kirkonulkomaanapu.fi\/sv\/aktuellt\/nyheter\/livsmedel-och-filtar-till-familjer-i-afghanistan-infor-en-kall-vinter\/\" \/>\n<meta property=\"og:locale\" content=\"sv_SE\" \/>\n<meta property=\"og:type\" content=\"article\" \/>\n<meta property=\"og:title\" content=\"Den humanit\u00e4ra situationen i Afghanistan \u00e4r extremt allvarlig\" \/>\n<meta property=\"og:description\" content=\"Enligt FN:s livsmedelsprogram har 95 procent av afghanerna inte tillr\u00e4ckligt med mat att \u00e4ta och h\u00e4lften av befolkningen lider av akut livsmedelsbrist.\" \/>\n<meta property=\"og:url\" content=\"https:\/\/www.kirkonulkomaanapu.fi\/sv\/aktuellt\/nyheter\/livsmedel-och-filtar-till-familjer-i-afghanistan-infor-en-kall-vinter\/\" \/>\n<meta property=\"og:site_name\" content=\"Kyrkans Utlandshj\u00e4lp\" \/>\n<meta property=\"article:publisher\" content=\"https:\/\/www.facebook.com\/Ulkomaanapu\/\" \/>\n<meta property=\"article:modified_time\" content=\"2021-12-03T07:31:51+00:00\" \/>\n<meta property=\"og:image\" content=\"https:\/\/www.kirkonulkomaanapu.fi\/wp-content\/uploads\/2021\/10\/afga.jpg\" \/>\n\t<meta property=\"og:image:width\" content=\"1588\" \/>\n\t<meta property=\"og:image:height\" content=\"893\" \/>\n\t<meta property=\"og:image:type\" content=\"image\/jpeg\" \/>\n<meta name=\"twitter:label1\" content=\"Ber\u00e4knad l\u00e4stid\" \/>\n\t<meta name=\"twitter:data1\" content=\"3 minuter\" \/>\n<script type=\"application\/ld+json\" class=\"yoast-schema-graph\">{\"@context\":\"https:\/\/schema.org\",\"@graph\":[{\"@type\":\"WebPage\",\"@id\":\"https:\/\/www.kirkonulkomaanapu.fi\/sv\/aktuellt\/nyheter\/livsmedel-och-filtar-till-familjer-i-afghanistan-infor-en-kall-vinter\/\",\"url\":\"https:\/\/www.kirkonulkomaanapu.fi\/sv\/aktuellt\/nyheter\/livsmedel-och-filtar-till-familjer-i-afghanistan-infor-en-kall-vinter\/\",\"name\":\"Livsmedel och filtar till familjer i Afghanistan inf\u00f6r en kall vinter - Kyrkans Utlandshj\u00e4lp\",\"isPartOf\":{\"@id\":\"https:\/\/www.kirkonulkomaanapu.fi\/#website\"},\"primaryImageOfPage\":{\"@id\":\"https:\/\/www.kirkonulkomaanapu.fi\/sv\/aktuellt\/nyheter\/livsmedel-och-filtar-till-familjer-i-afghanistan-infor-en-kall-vinter\/#primaryimage\"},\"image\":{\"@id\":\"https:\/\/www.kirkonulkomaanapu.fi\/sv\/aktuellt\/nyheter\/livsmedel-och-filtar-till-familjer-i-afghanistan-infor-en-kall-vinter\/#primaryimage\"},\"thumbnailUrl\":\"https:\/\/www.kirkonulkomaanapu.fi\/wp-content\/uploads\/2021\/10\/afga.jpg\",\"datePublished\":\"2021-10-28T11:56:21+00:00\",\"dateModified\":\"2021-12-03T07:31:51+00:00\",\"description\":\"Enligt FN:s livsmedelsprogram har 95 procent av afghanerna inte tillr\u00e4ckligt med mat att \u00e4ta och h\u00e4lften av befolkningen lider av akut livsmedelsbrist.\",\"breadcrumb\":{\"@id\":\"https:\/\/www.kirkonulkomaanapu.fi\/sv\/aktuellt\/nyheter\/livsmedel-och-filtar-till-familjer-i-afghanistan-infor-en-kall-vinter\/#breadcrumb\"},\"inLanguage\":\"sv-SE\",\"potentialAction\":[{\"@type\":\"ReadAction\",\"target\":[\"https:\/\/www.kirkonulkomaanapu.fi\/sv\/aktuellt\/nyheter\/livsmedel-och-filtar-till-familjer-i-afghanistan-infor-en-kall-vinter\/\"]}]},{\"@type\":\"ImageObject\",\"inLanguage\":\"sv-SE\",\"@id\":\"https:\/\/www.kirkonulkomaanapu.fi\/sv\/aktuellt\/nyheter\/livsmedel-och-filtar-till-familjer-i-afghanistan-infor-en-kall-vinter\/#primaryimage\",\"url\":\"https:\/\/www.kirkonulkomaanapu.fi\/wp-content\/uploads\/2021\/10\/afga.jpg\",\"contentUrl\":\"https:\/\/www.kirkonulkomaanapu.fi\/wp-content\/uploads\/2021\/10\/afga.jpg\",\"width\":1588,\"height\":893,\"caption\":\"KUA:n kumppanij\u00e4rjest\u00f6 HIA-Hungary on toiminut Afganistanissa jo vuodesta 2001 humanitaarisen avun ja kehitysyhteisty\u00f6n parissa. Kuvassa rakennetaan vedens\u00e4ilytyskanaalia Mazar-i-Sharifin l\u00e4hell\u00e4. Kuva: Giuliano Stochino Weiss \/ HIA-Hungary.\"},{\"@type\":\"BreadcrumbList\",\"@id\":\"https:\/\/www.kirkonulkomaanapu.fi\/sv\/aktuellt\/nyheter\/livsmedel-och-filtar-till-familjer-i-afghanistan-infor-en-kall-vinter\/#breadcrumb\",\"itemListElement\":[{\"@type\":\"ListItem\",\"position\":1,\"name\":\"Home\",\"item\":\"https:\/\/www.kirkonulkomaanapu.fi\/sv\/\"},{\"@type\":\"ListItem\",\"position\":2,\"name\":\"Uutiset\",\"item\":\"https:\/\/www.kirkonulkomaanapu.fi\/ajankohtaista\/uutiset\/\"},{\"@type\":\"ListItem\",\"position\":3,\"name\":\"Livsmedel och filtar till familjer i Afghanistan inf\u00f6r en kall vinter\"}]},{\"@type\":\"WebSite\",\"@id\":\"https:\/\/www.kirkonulkomaanapu.fi\/#website\",\"url\":\"https:\/\/www.kirkonulkomaanapu.fi\/\",\"name\":\"Kirkon Ulkomaanapu\",\"description\":\"Suomen suurin kehitysyhteisty\u00f6j\u00e4rjest\u00f6\",\"publisher\":{\"@id\":\"https:\/\/www.kirkonulkomaanapu.fi\/#organization\"},\"alternateName\":\"KUA\",\"potentialAction\":[{\"@type\":\"SearchAction\",\"target\":{\"@type\":\"EntryPoint\",\"urlTemplate\":\"https:\/\/www.kirkonulkomaanapu.fi\/?s={search_term_string}\"},\"query-input\":{\"@type\":\"PropertyValueSpecification\",\"valueRequired\":true,\"valueName\":\"search_term_string\"}}],\"inLanguage\":\"sv-SE\"},{\"@type\":\"Organization\",\"@id\":\"https:\/\/www.kirkonulkomaanapu.fi\/#organization\",\"name\":\"Kirkon Ulkomaanapu\",\"alternateName\":\"KUA\",\"url\":\"https:\/\/www.kirkonulkomaanapu.fi\/\",\"logo\":{\"@type\":\"ImageObject\",\"inLanguage\":\"sv-SE\",\"@id\":\"https:\/\/www.kirkonulkomaanapu.fi\/#\/schema\/logo\/image\/\",\"url\":\"https:\/\/www.kirkonulkomaanapu.fi\/wp-content\/uploads\/2026\/02\/Kirkon-ulkomaanapu-logo-1.png\",\"contentUrl\":\"https:\/\/www.kirkonulkomaanapu.fi\/wp-content\/uploads\/2026\/02\/Kirkon-ulkomaanapu-logo-1.png\",\"width\":225,\"height\":225,\"caption\":\"Kirkon Ulkomaanapu\"},\"image\":{\"@id\":\"https:\/\/www.kirkonulkomaanapu.fi\/#\/schema\/logo\/image\/\"},\"sameAs\":[\"https:\/\/www.facebook.com\/Ulkomaanapu\/\",\"https:\/\/www.youtube.com\/user\/kirkonulkomaanapu\",\"https:\/\/instagram.com\/kirkon_ulkomaanapu\/\",\"https:\/\/www.linkedin.com\/company\/finn-church-aid\/\"]}]}<\/script>\n<!-- \/ Yoast SEO plugin. -->","yoast_head_json":{"title":"Livsmedel och filtar till familjer i Afghanistan inf\u00f6r en kall vinter - Kyrkans Utlandshj\u00e4lp","description":"Enligt FN:s livsmedelsprogram har 95 procent av afghanerna inte tillr\u00e4ckligt med mat att \u00e4ta och h\u00e4lften av befolkningen lider av akut livsmedelsbrist.","robots":{"index":"index","follow":"follow","max-snippet":"max-snippet:-1","max-image-preview":"max-image-preview:large","max-video-preview":"max-video-preview:-1"},"canonical":"https:\/\/www.kirkonulkomaanapu.fi\/sv\/aktuellt\/nyheter\/livsmedel-och-filtar-till-familjer-i-afghanistan-infor-en-kall-vinter\/","og_locale":"sv_SE","og_type":"article","og_title":"Den humanit\u00e4ra situationen i Afghanistan \u00e4r extremt allvarlig","og_description":"Enligt FN:s livsmedelsprogram har 95 procent av afghanerna inte tillr\u00e4ckligt med mat att \u00e4ta och h\u00e4lften av befolkningen lider av akut livsmedelsbrist.","og_url":"https:\/\/www.kirkonulkomaanapu.fi\/sv\/aktuellt\/nyheter\/livsmedel-och-filtar-till-familjer-i-afghanistan-infor-en-kall-vinter\/","og_site_name":"Kyrkans Utlandshj\u00e4lp","article_publisher":"https:\/\/www.facebook.com\/Ulkomaanapu\/","article_modified_time":"2021-12-03T07:31:51+00:00","og_image":[{"width":1588,"height":893,"url":"https:\/\/www.kirkonulkomaanapu.fi\/wp-content\/uploads\/2021\/10\/afga.jpg","type":"image\/jpeg"}],"twitter_misc":{"Ber\u00e4knad l\u00e4stid":"3 minuter"},"schema":{"@context":"https:\/\/schema.org","@graph":[{"@type":"WebPage","@id":"https:\/\/www.kirkonulkomaanapu.fi\/sv\/aktuellt\/nyheter\/livsmedel-och-filtar-till-familjer-i-afghanistan-infor-en-kall-vinter\/","url":"https:\/\/www.kirkonulkomaanapu.fi\/sv\/aktuellt\/nyheter\/livsmedel-och-filtar-till-familjer-i-afghanistan-infor-en-kall-vinter\/","name":"Livsmedel och filtar till familjer i Afghanistan inf\u00f6r en kall vinter - Kyrkans Utlandshj\u00e4lp","isPartOf":{"@id":"https:\/\/www.kirkonulkomaanapu.fi\/#website"},"primaryImageOfPage":{"@id":"https:\/\/www.kirkonulkomaanapu.fi\/sv\/aktuellt\/nyheter\/livsmedel-och-filtar-till-familjer-i-afghanistan-infor-en-kall-vinter\/#primaryimage"},"image":{"@id":"https:\/\/www.kirkonulkomaanapu.fi\/sv\/aktuellt\/nyheter\/livsmedel-och-filtar-till-familjer-i-afghanistan-infor-en-kall-vinter\/#primaryimage"},"thumbnailUrl":"https:\/\/www.kirkonulkomaanapu.fi\/wp-content\/uploads\/2021\/10\/afga.jpg","datePublished":"2021-10-28T11:56:21+00:00","dateModified":"2021-12-03T07:31:51+00:00","description":"Enligt FN:s livsmedelsprogram har 95 procent av afghanerna inte tillr\u00e4ckligt med mat att \u00e4ta och h\u00e4lften av befolkningen lider av akut livsmedelsbrist.","breadcrumb":{"@id":"https:\/\/www.kirkonulkomaanapu.fi\/sv\/aktuellt\/nyheter\/livsmedel-och-filtar-till-familjer-i-afghanistan-infor-en-kall-vinter\/#breadcrumb"},"inLanguage":"sv-SE","potentialAction":[{"@type":"ReadAction","target":["https:\/\/www.kirkonulkomaanapu.fi\/sv\/aktuellt\/nyheter\/livsmedel-och-filtar-till-familjer-i-afghanistan-infor-en-kall-vinter\/"]}]},{"@type":"ImageObject","inLanguage":"sv-SE","@id":"https:\/\/www.kirkonulkomaanapu.fi\/sv\/aktuellt\/nyheter\/livsmedel-och-filtar-till-familjer-i-afghanistan-infor-en-kall-vinter\/#primaryimage","url":"https:\/\/www.kirkonulkomaanapu.fi\/wp-content\/uploads\/2021\/10\/afga.jpg","contentUrl":"https:\/\/www.kirkonulkomaanapu.fi\/wp-content\/uploads\/2021\/10\/afga.jpg","width":1588,"height":893,"caption":"KUA:n kumppanij\u00e4rjest\u00f6 HIA-Hungary on toiminut Afganistanissa jo vuodesta 2001 humanitaarisen avun ja kehitysyhteisty\u00f6n parissa. Kuvassa rakennetaan vedens\u00e4ilytyskanaalia Mazar-i-Sharifin l\u00e4hell\u00e4. Kuva: Giuliano Stochino Weiss \/ HIA-Hungary."},{"@type":"BreadcrumbList","@id":"https:\/\/www.kirkonulkomaanapu.fi\/sv\/aktuellt\/nyheter\/livsmedel-och-filtar-till-familjer-i-afghanistan-infor-en-kall-vinter\/#breadcrumb","itemListElement":[{"@type":"ListItem","position":1,"name":"Home","item":"https:\/\/www.kirkonulkomaanapu.fi\/sv\/"},{"@type":"ListItem","position":2,"name":"Uutiset","item":"https:\/\/www.kirkonulkomaanapu.fi\/ajankohtaista\/uutiset\/"},{"@type":"ListItem","position":3,"name":"Livsmedel och filtar till familjer i Afghanistan inf\u00f6r en kall vinter"}]},{"@type":"WebSite","@id":"https:\/\/www.kirkonulkomaanapu.fi\/#website","url":"https:\/\/www.kirkonulkomaanapu.fi\/","name":"Kirkon Ulkomaanapu","description":"Suomen suurin kehitysyhteisty\u00f6j\u00e4rjest\u00f6","publisher":{"@id":"https:\/\/www.kirkonulkomaanapu.fi\/#organization"},"alternateName":"KUA","potentialAction":[{"@type":"SearchAction","target":{"@type":"EntryPoint","urlTemplate":"https:\/\/www.kirkonulkomaanapu.fi\/?s={search_term_string}"},"query-input":{"@type":"PropertyValueSpecification","valueRequired":true,"valueName":"search_term_string"}}],"inLanguage":"sv-SE"},{"@type":"Organization","@id":"https:\/\/www.kirkonulkomaanapu.fi\/#organization","name":"Kirkon Ulkomaanapu","alternateName":"KUA","url":"https:\/\/www.kirkonulkomaanapu.fi\/","logo":{"@type":"ImageObject","inLanguage":"sv-SE","@id":"https:\/\/www.kirkonulkomaanapu.fi\/#\/schema\/logo\/image\/","url":"https:\/\/www.kirkonulkomaanapu.fi\/wp-content\/uploads\/2026\/02\/Kirkon-ulkomaanapu-logo-1.png","contentUrl":"https:\/\/www.kirkonulkomaanapu.fi\/wp-content\/uploads\/2026\/02\/Kirkon-ulkomaanapu-logo-1.png","width":225,"height":225,"caption":"Kirkon Ulkomaanapu"},"image":{"@id":"https:\/\/www.kirkonulkomaanapu.fi\/#\/schema\/logo\/image\/"},"sameAs":["https:\/\/www.facebook.com\/Ulkomaanapu\/","https:\/\/www.youtube.com\/user\/kirkonulkomaanapu","https:\/\/instagram.com\/kirkon_ulkomaanapu\/","https:\/\/www.linkedin.com\/company\/finn-church-aid\/"]}]}},"_links":{"self":[{"href":"https:\/\/www.kirkonulkomaanapu.fi\/sv\/wp-json\/wp\/v2\/news\/124545","targetHints":{"allow":["GET"]}}],"collection":[{"href":"https:\/\/www.kirkonulkomaanapu.fi\/sv\/wp-json\/wp\/v2\/news"}],"about":[{"href":"https:\/\/www.kirkonulkomaanapu.fi\/sv\/wp-json\/wp\/v2\/types\/news"}],"author":[{"embeddable":true,"href":"https:\/\/www.kirkonulkomaanapu.fi\/sv\/wp-json\/wp\/v2\/users\/137"}],"version-history":[{"count":3,"href":"https:\/\/www.kirkonulkomaanapu.fi\/sv\/wp-json\/wp\/v2\/news\/124545\/revisions"}],"predecessor-version":[{"id":125405,"href":"https:\/\/www.kirkonulkomaanapu.fi\/sv\/wp-json\/wp\/v2\/news\/124545\/revisions\/125405"}],"wp:featuredmedia":[{"embeddable":true,"href":"https:\/\/www.kirkonulkomaanapu.fi\/sv\/wp-json\/wp\/v2\/media\/124432"}],"wp:attachment":[{"href":"https:\/\/www.kirkonulkomaanapu.fi\/sv\/wp-json\/wp\/v2\/media?parent=124545"}],"wp:term":[{"taxonomy":"category","embeddable":true,"href":"https:\/\/www.kirkonulkomaanapu.fi\/sv\/wp-json\/wp\/v2\/categories?post=124545"},{"taxonomy":"countries","embeddable":true,"href":"https:\/\/www.kirkonulkomaanapu.fi\/sv\/wp-json\/wp\/v2\/countries?post=124545"},{"taxonomy":"article_themes","embeddable":true,"href":"https:\/\/www.kirkonulkomaanapu.fi\/sv\/wp-json\/wp\/v2\/article_themes?post=124545"}],"curies":[{"name":"wp","href":"https:\/\/api.w.org\/{rel}","templated":true}]}}