{"id":154941,"date":"2025-05-22T14:14:23","date_gmt":"2025-05-22T11:14:23","guid":{"rendered":"https:\/\/www.kirkonulkomaanapu.fi\/?post_type=artikkelit&#038;p=154941"},"modified":"2025-05-22T14:14:25","modified_gmt":"2025-05-22T11:14:25","slug":"min-storsta-oro-ar-att-mitt-barn-ska-bli-sjukt-av-regnet","status":"publish","type":"artikkelit","link":"https:\/\/www.kirkonulkomaanapu.fi\/sv\/aktuellt\/artiklar\/min-storsta-oro-ar-att-mitt-barn-ska-bli-sjukt-av-regnet\/","title":{"rendered":"\u201dMin st\u00f6rsta oro \u00e4r att mitt barn ska bli sjukt av regnet\u201d"},"content":{"rendered":"\n\n\n<div class=\"block-hero full-width id-block\" style=\"background-image: url('https:\/\/www.kirkonulkomaanapu.fi\/wp-content\/uploads\/2025\/04\/Ma-Ei-Ei-Mon-and-baby_HERO.jpeg');\">\n\n\t<div class=\"bg-mobile\" style=\"background-image: url('https:\/\/www.kirkonulkomaanapu.fi\/wp-content\/uploads\/2025\/04\/Ma-Ei-Ei-Mon-and-baby_HERO-1024x470.jpeg');\"><\/div>\n\n\t\n\t<div class=\"curtain\"><\/div>\n\n\t<div class=\"container\">\n\t\t<div class=\"row\">\n\t\t\t<div class=\"col\">\n\t\t\t\t<div class=\"inner-blocks entry-content\">\n\t\t\t\t\t\t\t\t\t\t\t\n\n<h1 class=\"wp-block-heading\"><\/h1>\n\n\n\t\t\t\t\t\t\t\t\t<\/div>\n\t\t\t<\/div>\n\t\t<\/div>\n\t<\/div>\n<\/div>\n\n\n\n\n\n\n\n\n<h1 class=\"wp-block-heading\"><strong>\u201dMin st\u00f6rsta oro \u00e4r att mitt barn ska bli sjukt av regnet\u201d<\/strong><\/h1>\n\n\n\n<p class=\"is-style-ingress\">\u00d6verlevande fr\u00e5n jordb\u00e4vningen i Myanmar ber\u00e4ttar om sina upplevelser av att bo i tillf\u00e4lliga boenden i Mandalay i jordb\u00e4vningens epicentrum.<\/p>\n\n\n\n<p>Text: YinMon Naing<br>Bilder: FCA Myanmar<\/p>\n\n\n\n<p>M\u00c4NNISKORNA I MYANMAR lever under sv\u00e5ra f\u00f6rh\u00e5llanden efter den sv\u00e5ra jordb\u00e4vningen den 28 mars, som kr\u00e4vde minst 5352 liv.<\/p>\n\n\n\n<p>Jordb\u00e4vningens epicentrum l\u00e5g n\u00e4ra Mandalay, Myanmars n\u00e4st st\u00f6rsta stad. M\u00e5nga av de drabbade levde redan tidigare som flyktingar i Mandalay p\u00e5 grund av konflikterna i landet. Tre kvinnor som nu bor i tillf\u00e4lliga bost\u00e4der i Mandalay ber\u00e4ttar om sina upplevelser av att \u00f6verleva bland ruinerna.<\/p>\n\n\n\n<h2 class=\"wp-block-heading\"><strong>Ma Ei Ei Mon hoppas att hennes fem m\u00e5nader gamla bebis h\u00e5lls frisk<\/strong><\/h2>\n\n\n\n<figure class=\"wp-block-image size-large\"><img loading=\"lazy\" decoding=\"async\" width=\"1024\" height=\"683\" src=\"https:\/\/www.kirkonulkomaanapu.fi\/wp-content\/uploads\/2025\/04\/Kyaung-Shar-Village-in-Amarapura-Township-was-one-of-the-hardest-hit-areas-Ma-Ei-Ei-Mon-and-her-family-now-live-in-a-temporary-shelter-after-the-March-28-earthquake-damaged-their-home-1024x683.jpg\" alt=\"A woman, man and a baby sit on \" class=\"wp-image-153964\" srcset=\"https:\/\/www.kirkonulkomaanapu.fi\/wp-content\/uploads\/2025\/04\/Kyaung-Shar-Village-in-Amarapura-Township-was-one-of-the-hardest-hit-areas-Ma-Ei-Ei-Mon-and-her-family-now-live-in-a-temporary-shelter-after-the-March-28-earthquake-damaged-their-home-1024x683.jpg 1024w, https:\/\/www.kirkonulkomaanapu.fi\/wp-content\/uploads\/2025\/04\/Kyaung-Shar-Village-in-Amarapura-Township-was-one-of-the-hardest-hit-areas-Ma-Ei-Ei-Mon-and-her-family-now-live-in-a-temporary-shelter-after-the-March-28-earthquake-damaged-their-home-480x320.jpg 480w, https:\/\/www.kirkonulkomaanapu.fi\/wp-content\/uploads\/2025\/04\/Kyaung-Shar-Village-in-Amarapura-Township-was-one-of-the-hardest-hit-areas-Ma-Ei-Ei-Mon-and-her-family-now-live-in-a-temporary-shelter-after-the-March-28-earthquake-damaged-their-home-768x512.jpg 768w, https:\/\/www.kirkonulkomaanapu.fi\/wp-content\/uploads\/2025\/04\/Kyaung-Shar-Village-in-Amarapura-Township-was-one-of-the-hardest-hit-areas-Ma-Ei-Ei-Mon-and-her-family-now-live-in-a-temporary-shelter-after-the-March-28-earthquake-damaged-their-home-1536x1024.jpg 1536w, https:\/\/www.kirkonulkomaanapu.fi\/wp-content\/uploads\/2025\/04\/Kyaung-Shar-Village-in-Amarapura-Township-was-one-of-the-hardest-hit-areas-Ma-Ei-Ei-Mon-and-her-family-now-live-in-a-temporary-shelter-after-the-March-28-earthquake-damaged-their-home-2048x1365.jpg 2048w, https:\/\/www.kirkonulkomaanapu.fi\/wp-content\/uploads\/2025\/04\/Kyaung-Shar-Village-in-Amarapura-Township-was-one-of-the-hardest-hit-areas-Ma-Ei-Ei-Mon-and-her-family-now-live-in-a-temporary-shelter-after-the-March-28-earthquake-damaged-their-home-267x178.jpg 267w, https:\/\/www.kirkonulkomaanapu.fi\/wp-content\/uploads\/2025\/04\/Kyaung-Shar-Village-in-Amarapura-Township-was-one-of-the-hardest-hit-areas-Ma-Ei-Ei-Mon-and-her-family-now-live-in-a-temporary-shelter-after-the-March-28-earthquake-damaged-their-home-1920x1280.jpg 1920w\" sizes=\"auto, (max-width: 1024px) 100vw, 1024px\" \/><figcaption class=\"wp-element-caption\">Byn Kyaung Shar i distriktet Amarapura var ett av de h\u00e5rdast drabbade omr\u00e5dena. Ma Ei Ei Mon och hennes familj bor nu i ett tillf\u00e4lligt boende efter att deras hem skadades i jordb\u00e4vningen den 28 mars<em>.<\/em><\/figcaption><\/figure>\n\n\n\n<p>Ma Ei Ei Mon, 25, bodde i en by med sin fem m\u00e5nader gamla dotter och sin man, Zin Ko Maung, i byn Kyaung Shar i Amarapura, Mandalay. Byn Kyaung Shar var ett av de h\u00e5rdast drabbade omr\u00e5dena n\u00e4r den kraftiga jordb\u00e4vningen med magnituden 7,7 drabbade regionen den 28 mars.<\/p>\n\n\n\n<p>\u201dMitt hus skadades sv\u00e5rt under jordb\u00e4vningen och det \u00e4r inte s\u00e4kert att bo d\u00e4r l\u00e4ngre. Taket har rasat och skyddar inte l\u00e4ngre fr\u00e5n regnet. D\u00e4rf\u00f6r flyttade vi till det h\u00e4r tillf\u00e4lliga l\u00e4gret\u201d, ber\u00e4ttar hon.<\/p>\n\n\n\n<p>Tillsammans med sin man och dotter s\u00f6kte hon skydd i ett n\u00e4rliggande tillf\u00e4lligt l\u00e4ger, tillsammans med m\u00e5nga andra familjer som f\u00f6rlorat sina hem. Utmaningarna slutade dessv\u00e4rre inte med att de f\u00f6rlorade sitt hem. Sedan jordb\u00e4vningen har hennes man inte kunnat \u00e5terv\u00e4nda till arbetet. Som lokal m\u00e5lare var hans inkomst p\u00e5 13 000 burmesiska kyat (cirka 5,70 euro) per dag deras enda inkomst. Nu har han inget arbete. Utan pengar till mat, medicin eller tillbeh\u00f6r f\u00f6r barnsk\u00f6tsel befinner sig familjen i en fruktansv\u00e4rd situation.<\/p>\n\n\n\n<p>&#8221;Tidigare levde vi bara p\u00e5 min mans inkomst. Det var inte mycket, men vi klarade oss. Nu kan han inte arbeta och jag b\u00f6rjar bli orolig. Vad ska vi g\u00f6ra om vi inte har tillr\u00e4ckligt med mat eller medicin till v\u00e5r baby?&#8221;, fr\u00e5gar hon.<\/p>\n\n\n\n<p>Hennes st\u00f6rsta oro \u00e4r deras dotter. Med sina bara fem m\u00e5nader \u00e4r bebisen s\u00e4rskilt utsatt i det provisoriska skyddet som ger f\u00f6ga skydd mot v\u00e4der och vind. Ma Ei Ei Mon fruktar f\u00f6r sitt barns h\u00e4lsa om det blir storm.<\/p>\n\n\n\n<p>\u201dTrots att m\u00e5nga har donerat kl\u00e4der och medicin, s\u00e4rskilt till min bebis, beh\u00f6ver vi fortfarande mer hj\u00e4lp. Min st\u00f6rsta oro \u00e4r att hon ska bli sjuk av regnet.\u201d<\/p>\n\n\n\n<h2 class=\"wp-block-heading\"><strong>Daw Cho Cho Tint hittar ingenstans att bo<\/strong><\/h2>\n\n\n\n<figure class=\"wp-block-image size-large\"><img loading=\"lazy\" decoding=\"async\" width=\"1024\" height=\"683\" src=\"https:\/\/www.kirkonulkomaanapu.fi\/wp-content\/uploads\/2025\/04\/Daw-Cho-Cho-Tint-1024x683.jpg\" alt=\"A woman in a bright pink shirt stands by a badly cracked wall. \" class=\"wp-image-153971\" srcset=\"https:\/\/www.kirkonulkomaanapu.fi\/wp-content\/uploads\/2025\/04\/Daw-Cho-Cho-Tint-1024x683.jpg 1024w, https:\/\/www.kirkonulkomaanapu.fi\/wp-content\/uploads\/2025\/04\/Daw-Cho-Cho-Tint-480x320.jpg 480w, https:\/\/www.kirkonulkomaanapu.fi\/wp-content\/uploads\/2025\/04\/Daw-Cho-Cho-Tint-768x512.jpg 768w, https:\/\/www.kirkonulkomaanapu.fi\/wp-content\/uploads\/2025\/04\/Daw-Cho-Cho-Tint-1536x1024.jpg 1536w, https:\/\/www.kirkonulkomaanapu.fi\/wp-content\/uploads\/2025\/04\/Daw-Cho-Cho-Tint-2048x1365.jpg 2048w, https:\/\/www.kirkonulkomaanapu.fi\/wp-content\/uploads\/2025\/04\/Daw-Cho-Cho-Tint-267x178.jpg 267w, https:\/\/www.kirkonulkomaanapu.fi\/wp-content\/uploads\/2025\/04\/Daw-Cho-Cho-Tint-1920x1280.jpg 1920w\" sizes=\"auto, (max-width: 1024px) 100vw, 1024px\" \/><figcaption class=\"wp-element-caption\">Daw Cho Cho Tint var tvungen att fly fr\u00e5n Kaw Lin i Sagaing p\u00e5 grund av konflikten. Hon bosatte sig i Patheingyi Township i Mandalay, men d\u00e4r f\u00f6rklarades hennes hem os\u00e4kert efter jordb\u00e4vningen, vilket tvingade henne att s\u00f6ka skydd n\u00e4ra ruinerna.<\/figcaption><\/figure>\n\n\n\n<p>Efter \u00e5rtionden bland de lugna bergen i Kaw Lin f\u00f6r\u00e4ndrades Daw Cho Cho Tints liv \u00f6ver en natt. V\u00e5ldet i konflikten tvingade henne att fly fr\u00e5n sin hemstad. Ensam och heml\u00f6s fann hon tillf\u00e4llig trygghet i en statlig l\u00e4genhet i Patheingyi Township i Mandalay.<\/p>\n\n\n\n<p>\u201dDet var bara ungef\u00e4r ett \u00e5r sedan jag flydde till Mandalay. Jag b\u00f6rjade sakta v\u00e4nja mig vid mitt nya liv. Sedan kom jordb\u00e4vningen.\u201d<\/p>\n\n\n\n<p>Bara p\u00e5 n\u00e5gra sekunder b\u00f6rjade byggnaden som hade blivit hennes hem rasa samman och f\u00f6rklarades os\u00e4ker av myndigheterna. Hon tvingades l\u00e4mna sin l\u00e4genhet och bor nu i ett tillf\u00e4lligt boende n\u00e4ra ruinerna tillsammans med andra familjer.<\/p>\n\n\n\n<p>&#8221;Det var en mardr\u00f6m och jag vill inte beskriva det. Nu bor jag i ett tillf\u00e4lligt boende och mitt liv \u00e4r inte lika enkelt som det var f\u00f6rr. Trots att m\u00e5nga kommer och donerar mat och vatten m\u00e5ste jag st\u00e5 i l\u00e5nga k\u00f6er f\u00f6r att f\u00e5 tag p\u00e5 f\u00f6rn\u00f6denheterna. N\u00e4r jag blir \u00e4ldre blir det allt sv\u00e5rare f\u00f6r mig&#8221;, ber\u00e4ttar hon.<\/p>\n\n\n\n<p>F\u00f6rh\u00e5llandena blir allt sv\u00e5rare f\u00f6r flyktingarna f\u00f6r varje dag som g\u00e5r. Skyddet mot regnet \u00e4r underm\u00e5ligt och hyrorna i omr\u00e5det har skjutit i h\u00f6jden efter katastrofen.<\/p>\n\n\n\n<p>\u201dJag har ingen aning om var jag ska bo nu. Hyrorna stiger ocks\u00e5. Till och med sm\u00e5 l\u00e4genheter kostar 200 000 Myanmar Kyat (cirka 87 euro) med minst tre m\u00e5naders kontrakt. Jag m\u00e5ste betala 600 000 Myanmar Kyat (cirka 252 euro) totalt och det \u00e4r v\u00e4ldigt sv\u00e5rt f\u00f6r mig\u201d, s\u00e4ger hon uppgivet.<\/p>\n\n\n\n<p>Regnperioden n\u00e4rmar sig och varje natt b\u00e4r p\u00e5 nya fasor.<\/p>\n\n\n\n<p>\u201dI natt var det ett kraftigt \u00e5skv\u00e4der Jag var tvungen att h\u00e5lla fast i mitt t\u00e4lt f\u00f6r att det inte skulle bl\u00e5sa bort. Jag kunde inte sova p\u00e5 hela natten och \u00e4r orolig f\u00f6r att det ska h\u00e4nda igen\u201d, till\u00e4gger hon.<\/p>\n\n\n\n<h2 class=\"wp-block-heading\"><strong>Daw Khin Aye tvingades l\u00e4mna sitt hem tv\u00e5 g\u00e5nger<\/strong><\/h2>\n\n\n\n<figure class=\"wp-block-image size-large\"><img loading=\"lazy\" decoding=\"async\" width=\"1024\" height=\"683\" src=\"https:\/\/www.kirkonulkomaanapu.fi\/wp-content\/uploads\/2025\/04\/Daw-Khin-Aye-in-her-temporary-shelter-in-Amarapura-Mandalay-after-being-displaced-by-both-conflict-and-the-recent-earthquake-1024x683.jpg\" alt=\"An elderly Burmese lady sits on a carpet in a temporary shelter\" class=\"wp-image-153968\" srcset=\"https:\/\/www.kirkonulkomaanapu.fi\/wp-content\/uploads\/2025\/04\/Daw-Khin-Aye-in-her-temporary-shelter-in-Amarapura-Mandalay-after-being-displaced-by-both-conflict-and-the-recent-earthquake-1024x683.jpg 1024w, https:\/\/www.kirkonulkomaanapu.fi\/wp-content\/uploads\/2025\/04\/Daw-Khin-Aye-in-her-temporary-shelter-in-Amarapura-Mandalay-after-being-displaced-by-both-conflict-and-the-recent-earthquake-480x320.jpg 480w, https:\/\/www.kirkonulkomaanapu.fi\/wp-content\/uploads\/2025\/04\/Daw-Khin-Aye-in-her-temporary-shelter-in-Amarapura-Mandalay-after-being-displaced-by-both-conflict-and-the-recent-earthquake-768x512.jpg 768w, https:\/\/www.kirkonulkomaanapu.fi\/wp-content\/uploads\/2025\/04\/Daw-Khin-Aye-in-her-temporary-shelter-in-Amarapura-Mandalay-after-being-displaced-by-both-conflict-and-the-recent-earthquake-1536x1024.jpg 1536w, https:\/\/www.kirkonulkomaanapu.fi\/wp-content\/uploads\/2025\/04\/Daw-Khin-Aye-in-her-temporary-shelter-in-Amarapura-Mandalay-after-being-displaced-by-both-conflict-and-the-recent-earthquake-2048x1365.jpg 2048w, https:\/\/www.kirkonulkomaanapu.fi\/wp-content\/uploads\/2025\/04\/Daw-Khin-Aye-in-her-temporary-shelter-in-Amarapura-Mandalay-after-being-displaced-by-both-conflict-and-the-recent-earthquake-267x178.jpg 267w, https:\/\/www.kirkonulkomaanapu.fi\/wp-content\/uploads\/2025\/04\/Daw-Khin-Aye-in-her-temporary-shelter-in-Amarapura-Mandalay-after-being-displaced-by-both-conflict-and-the-recent-earthquake-1920x1280.jpg 1920w\" sizes=\"auto, (max-width: 1024px) 100vw, 1024px\" \/><figcaption class=\"wp-element-caption\">Daw Khin Aye i sitt tillf\u00e4lliga hem i Amarapura, Mandalay, efter att ha f\u00f6rdrivits av b\u00e5de konflikten och den senaste jordb\u00e4vningen<\/figcaption><\/figure>\n\n\n\n<p>Daw Khin Aye \u00e4r 70 \u00e5r och mor till tre s\u00f6ner. En g\u00e5ng bodde hon i lugn och ro i staden Kaw Lin i norra delen av landet med sina tre s\u00f6ner och deras familjer. Allt f\u00f6r\u00e4ndrades n\u00e4r v\u00e5ldet eskalerade i regionen. Hennes \u00e4ldste son arresterades av det lokala State Administration Council (SAC), milit\u00e4rjuntan som styr landet, och hon hade inget annat val \u00e4n att fly.<\/p>\n\n\n\n<p>\u201dMitt hus i Kaw Lin br\u00e4ndes ner till grunden. Jag hade ingenstans att ta v\u00e4gen. S\u00e5 jag best\u00e4mde mig f\u00f6r att fly hit till min syster. Jag hade inte heller n\u00e5gon kontakt med mina s\u00f6ner l\u00e4ngre. Jag f\u00e5r bara lite st\u00f6d av min sonson som jobbar utomlands just nu\u201d, f\u00f6rklarar hon.<\/p>\n\n\n\n<p>Hon flyttade till Mandalay, d\u00e4r hon nu har bott i \u00f6ver tv\u00e5 \u00e5r tillsammans med sin systers familj. N\u00e4r jordb\u00e4vningen intr\u00e4ffade var hennes systers hus inte l\u00e4ngre s\u00e4kert f\u00f6r dem och Daw Khin Aye blev heml\u00f6s f\u00f6r andra g\u00e5ngen.<\/p>\n\n\n\n<p>\u201dEfter jordb\u00e4vningen var huset helt f\u00f6rst\u00f6rt och inte s\u00e4kert att bo i l\u00e4ngre. S\u00e5 jag flyttade hit och stannade med min systers familj. Eftersom jag kommer fr\u00e5n Kaw Lin och inte \u00e4r registrerad h\u00e4r fick jag ingen bostad i b\u00f6rjan. Men min syster l\u00e4t mig bo hos dem i deras tillf\u00e4lliga boende.\u201d<\/p>\n\n\n\n<p>Som \u00e4ldre kvinna \u00e4r Daw Khin Ayes h\u00e4lsa br\u00e4cklig, och bristen p\u00e5 tillg\u00e5ng till sjukv\u00e5rd g\u00f6r henne orolig.<\/p>\n\n\n\n<p>&#8221;Tidigare r\u00e4ckte det med st\u00f6det fr\u00e5n min sonson, eftersom jag bodde p\u00e5 en s\u00e4ker plats. Men nu m\u00e5ste jag oroa mig f\u00f6r min h\u00e4lsa n\u00e4r jag bor p\u00e5 det h\u00e4r tillf\u00e4lliga st\u00e4llet. Jag kan inte sova, eftersom det bara finns bambumattor p\u00e5 golvet. Trots att vi har tillg\u00e5ng till om mat och vattenflaskor h\u00e4r, missar jag oftast dem eftersom jag inte klarar av att k\u00f6a s\u00e5 l\u00e4nge. Min syster och andra sn\u00e4lla m\u00e4nniskor hj\u00e4lper mig att f\u00e5 tag p\u00e5 de h\u00e4r f\u00f6rn\u00f6denheterna, och jag \u00e4r verkligen tacksam f\u00f6r det&#8221;, s\u00e4ger hon.<\/p>\n","protected":false},"excerpt":{"rendered":"<p>\u201dMin st\u00f6rsta oro \u00e4r att mitt barn ska bli sjukt av regnet\u201d \u00d6verlevande fr\u00e5n jordb\u00e4vningen i Myanmar ber\u00e4ttar om sina upplevelser av att bo i tillf\u00e4lliga boenden i Mandalay i jordb\u00e4vningens epicentrum. Text: YinMon NaingBilder: FCA Myanmar M\u00c4NNISKORNA I MYANMAR lever under sv\u00e5ra f\u00f6rh\u00e5llanden efter den sv\u00e5ra jordb\u00e4vningen den 28 mars, som kr\u00e4vde minst 5352 [&hellip;]<\/p>\n","protected":false},"author":101,"featured_media":153977,"menu_order":0,"template":"","meta":{"_acf_changed":false,"_relevanssi_hide_post":"","_relevanssi_hide_content":"","_relevanssi_pin_for_all":"","_relevanssi_pin_keywords":"","_relevanssi_unpin_keywords":"","_relevanssi_related_keywords":"","_relevanssi_related_include_ids":"","_relevanssi_related_exclude_ids":"","_relevanssi_related_no_append":"","_relevanssi_related_not_related":"","_relevanssi_related_posts":"152543,154680,151215,129197,148114,121649","_relevanssi_noindex_reason":"","_improvement_type_select":"improve_an_existing","_thumb_yes_seoaic":false,"_frame_yes_seoaic":false,"seoaic_generate_description":"","seoaic_improve_instructions_prompt":"","seoaic_rollback_content_improvement":"","seoaic_idea_thumbnail_generator":"","thumbnail_generated":false,"thumbnail_generate_prompt":"","seoaic_article_description":"","footnotes":""},"categories":[73,91,157],"countries":[],"article_themes":[406],"class_list":["post-154941","artikkelit","type-artikkelit","status-publish","has-post-thumbnail","hentry","category-asien","category-myanmar-sv","category-humanitart-bistand","article_themes-humanitart-bistand"],"acf":[],"yoast_head":"<!-- This site is optimized with the Yoast SEO plugin v26.9 - https:\/\/yoast.com\/product\/yoast-seo-wordpress\/ -->\n<title>\u201dMin st\u00f6rsta oro \u00e4r att mitt barn ska bli sjukt av regnet\u201d - Kyrkans Utlandshj\u00e4lp<\/title>\n<meta name=\"robots\" content=\"index, follow, max-snippet:-1, max-image-preview:large, max-video-preview:-1\" \/>\n<link rel=\"canonical\" href=\"https:\/\/www.kirkonulkomaanapu.fi\/sv\/ajankohtaista\/artikkelit\/min-storsta-oro-ar-att-mitt-barn-ska-bli-sjukt-av-regnet\/\" \/>\n<meta property=\"og:locale\" content=\"sv_SE\" \/>\n<meta property=\"og:type\" content=\"article\" \/>\n<meta property=\"og:title\" content=\"\u201dMin st\u00f6rsta oro \u00e4r att mitt barn ska bli sjukt av regnet\u201d - Kyrkans Utlandshj\u00e4lp\" \/>\n<meta property=\"og:description\" content=\"\u201dMin st\u00f6rsta oro \u00e4r att mitt barn ska bli sjukt av regnet\u201d \u00d6verlevande fr\u00e5n jordb\u00e4vningen i Myanmar ber\u00e4ttar om sina upplevelser av att bo i tillf\u00e4lliga boenden i Mandalay i jordb\u00e4vningens epicentrum. Text: YinMon NaingBilder: FCA Myanmar M\u00c4NNISKORNA I MYANMAR lever under sv\u00e5ra f\u00f6rh\u00e5llanden efter den sv\u00e5ra jordb\u00e4vningen den 28 mars, som kr\u00e4vde minst 5352 [&hellip;]\" \/>\n<meta property=\"og:url\" content=\"https:\/\/www.kirkonulkomaanapu.fi\/sv\/ajankohtaista\/artikkelit\/min-storsta-oro-ar-att-mitt-barn-ska-bli-sjukt-av-regnet\/\" \/>\n<meta property=\"og:site_name\" content=\"Kyrkans Utlandshj\u00e4lp\" \/>\n<meta property=\"article:publisher\" content=\"https:\/\/www.facebook.com\/Ulkomaanapu\/\" \/>\n<meta property=\"article:modified_time\" content=\"2025-05-22T11:14:25+00:00\" \/>\n<meta property=\"og:image\" content=\"https:\/\/www.kirkonulkomaanapu.fi\/wp-content\/uploads\/2025\/04\/Ma-Ei-Ei-Mon-and-baby_HERO.jpeg\" \/>\n\t<meta property=\"og:image:width\" content=\"1917\" \/>\n\t<meta property=\"og:image:height\" content=\"880\" \/>\n\t<meta property=\"og:image:type\" content=\"image\/jpeg\" \/>\n<meta name=\"twitter:label1\" content=\"Ber\u00e4knad l\u00e4stid\" \/>\n\t<meta name=\"twitter:data1\" content=\"8 minuter\" \/>\n<script type=\"application\/ld+json\" class=\"yoast-schema-graph\">{\"@context\":\"https:\/\/schema.org\",\"@graph\":[{\"@type\":\"Article\",\"@id\":\"https:\/\/www.kirkonulkomaanapu.fi\/sv\/ajankohtaista\/artikkelit\/min-storsta-oro-ar-att-mitt-barn-ska-bli-sjukt-av-regnet\/#article\",\"isPartOf\":{\"@id\":\"https:\/\/www.kirkonulkomaanapu.fi\/sv\/ajankohtaista\/artikkelit\/min-storsta-oro-ar-att-mitt-barn-ska-bli-sjukt-av-regnet\/\"},\"author\":{\"name\":\"Anne Ronkainen\",\"@id\":\"https:\/\/www.kirkonulkomaanapu.fi\/#\/schema\/person\/5663b5840cea4cca31499db72dc4dded\"},\"headline\":\"\u201dMin st\u00f6rsta oro \u00e4r att mitt barn ska bli sjukt av regnet\u201d\",\"datePublished\":\"2025-05-22T11:14:23+00:00\",\"dateModified\":\"2025-05-22T11:14:25+00:00\",\"mainEntityOfPage\":{\"@id\":\"https:\/\/www.kirkonulkomaanapu.fi\/sv\/ajankohtaista\/artikkelit\/min-storsta-oro-ar-att-mitt-barn-ska-bli-sjukt-av-regnet\/\"},\"wordCount\":1332,\"publisher\":{\"@id\":\"https:\/\/www.kirkonulkomaanapu.fi\/#organization\"},\"image\":{\"@id\":\"https:\/\/www.kirkonulkomaanapu.fi\/sv\/ajankohtaista\/artikkelit\/min-storsta-oro-ar-att-mitt-barn-ska-bli-sjukt-av-regnet\/#primaryimage\"},\"thumbnailUrl\":\"https:\/\/www.kirkonulkomaanapu.fi\/wp-content\/uploads\/2025\/04\/Ma-Ei-Ei-Mon-and-baby_HERO.jpeg\",\"articleSection\":[\"Asien\",\"Myanmar\",\"Humanitart bistand\"],\"inLanguage\":\"sv-SE\"},{\"@type\":\"WebPage\",\"@id\":\"https:\/\/www.kirkonulkomaanapu.fi\/sv\/ajankohtaista\/artikkelit\/min-storsta-oro-ar-att-mitt-barn-ska-bli-sjukt-av-regnet\/\",\"url\":\"https:\/\/www.kirkonulkomaanapu.fi\/sv\/ajankohtaista\/artikkelit\/min-storsta-oro-ar-att-mitt-barn-ska-bli-sjukt-av-regnet\/\",\"name\":\"\u201dMin st\u00f6rsta oro \u00e4r att mitt barn ska bli sjukt av regnet\u201d - Kyrkans Utlandshj\u00e4lp\",\"isPartOf\":{\"@id\":\"https:\/\/www.kirkonulkomaanapu.fi\/#website\"},\"primaryImageOfPage\":{\"@id\":\"https:\/\/www.kirkonulkomaanapu.fi\/sv\/ajankohtaista\/artikkelit\/min-storsta-oro-ar-att-mitt-barn-ska-bli-sjukt-av-regnet\/#primaryimage\"},\"image\":{\"@id\":\"https:\/\/www.kirkonulkomaanapu.fi\/sv\/ajankohtaista\/artikkelit\/min-storsta-oro-ar-att-mitt-barn-ska-bli-sjukt-av-regnet\/#primaryimage\"},\"thumbnailUrl\":\"https:\/\/www.kirkonulkomaanapu.fi\/wp-content\/uploads\/2025\/04\/Ma-Ei-Ei-Mon-and-baby_HERO.jpeg\",\"datePublished\":\"2025-05-22T11:14:23+00:00\",\"dateModified\":\"2025-05-22T11:14:25+00:00\",\"breadcrumb\":{\"@id\":\"https:\/\/www.kirkonulkomaanapu.fi\/sv\/ajankohtaista\/artikkelit\/min-storsta-oro-ar-att-mitt-barn-ska-bli-sjukt-av-regnet\/#breadcrumb\"},\"inLanguage\":\"sv-SE\",\"potentialAction\":[{\"@type\":\"ReadAction\",\"target\":[\"https:\/\/www.kirkonulkomaanapu.fi\/sv\/ajankohtaista\/artikkelit\/min-storsta-oro-ar-att-mitt-barn-ska-bli-sjukt-av-regnet\/\"]}]},{\"@type\":\"ImageObject\",\"inLanguage\":\"sv-SE\",\"@id\":\"https:\/\/www.kirkonulkomaanapu.fi\/sv\/ajankohtaista\/artikkelit\/min-storsta-oro-ar-att-mitt-barn-ska-bli-sjukt-av-regnet\/#primaryimage\",\"url\":\"https:\/\/www.kirkonulkomaanapu.fi\/wp-content\/uploads\/2025\/04\/Ma-Ei-Ei-Mon-and-baby_HERO.jpeg\",\"contentUrl\":\"https:\/\/www.kirkonulkomaanapu.fi\/wp-content\/uploads\/2025\/04\/Ma-Ei-Ei-Mon-and-baby_HERO.jpeg\",\"width\":1917,\"height\":880,\"caption\":\"Kyaung Shar Village in Amarapura Township was one of the hardest-hit areas, Ma Ei Ei Mon and her family now live in a temporary shelter after the March 28 earthquake damaged their home.\"},{\"@type\":\"BreadcrumbList\",\"@id\":\"https:\/\/www.kirkonulkomaanapu.fi\/sv\/ajankohtaista\/artikkelit\/min-storsta-oro-ar-att-mitt-barn-ska-bli-sjukt-av-regnet\/#breadcrumb\",\"itemListElement\":[{\"@type\":\"ListItem\",\"position\":1,\"name\":\"Home\",\"item\":\"https:\/\/www.kirkonulkomaanapu.fi\/sv\/\"},{\"@type\":\"ListItem\",\"position\":2,\"name\":\"Artikkelit\",\"item\":\"https:\/\/www.kirkonulkomaanapu.fi\/ajankohtaista\/artikkelit\/\"},{\"@type\":\"ListItem\",\"position\":3,\"name\":\"\u201dMin st\u00f6rsta oro \u00e4r att mitt barn ska bli sjukt av regnet\u201d\"}]},{\"@type\":\"WebSite\",\"@id\":\"https:\/\/www.kirkonulkomaanapu.fi\/#website\",\"url\":\"https:\/\/www.kirkonulkomaanapu.fi\/\",\"name\":\"Kirkon Ulkomaanapu\",\"description\":\"Suomen suurin kehitysyhteisty\u00f6j\u00e4rjest\u00f6\",\"publisher\":{\"@id\":\"https:\/\/www.kirkonulkomaanapu.fi\/#organization\"},\"alternateName\":\"KUA\",\"potentialAction\":[{\"@type\":\"SearchAction\",\"target\":{\"@type\":\"EntryPoint\",\"urlTemplate\":\"https:\/\/www.kirkonulkomaanapu.fi\/?s={search_term_string}\"},\"query-input\":{\"@type\":\"PropertyValueSpecification\",\"valueRequired\":true,\"valueName\":\"search_term_string\"}}],\"inLanguage\":\"sv-SE\"},{\"@type\":\"Organization\",\"@id\":\"https:\/\/www.kirkonulkomaanapu.fi\/#organization\",\"name\":\"Kirkon Ulkomaanapu\",\"alternateName\":\"KUA\",\"url\":\"https:\/\/www.kirkonulkomaanapu.fi\/\",\"logo\":{\"@type\":\"ImageObject\",\"inLanguage\":\"sv-SE\",\"@id\":\"https:\/\/www.kirkonulkomaanapu.fi\/#\/schema\/logo\/image\/\",\"url\":\"https:\/\/www.kirkonulkomaanapu.fi\/wp-content\/uploads\/2026\/02\/Kirkon-ulkomaanapu-logo-1.png\",\"contentUrl\":\"https:\/\/www.kirkonulkomaanapu.fi\/wp-content\/uploads\/2026\/02\/Kirkon-ulkomaanapu-logo-1.png\",\"width\":225,\"height\":225,\"caption\":\"Kirkon Ulkomaanapu\"},\"image\":{\"@id\":\"https:\/\/www.kirkonulkomaanapu.fi\/#\/schema\/logo\/image\/\"},\"sameAs\":[\"https:\/\/www.facebook.com\/Ulkomaanapu\/\",\"https:\/\/www.youtube.com\/user\/kirkonulkomaanapu\",\"https:\/\/instagram.com\/kirkon_ulkomaanapu\/\",\"https:\/\/www.linkedin.com\/company\/finn-church-aid\/\"]},{\"@type\":\"Person\",\"@id\":\"https:\/\/www.kirkonulkomaanapu.fi\/#\/schema\/person\/5663b5840cea4cca31499db72dc4dded\",\"name\":\"Anne Ronkainen\",\"image\":{\"@type\":\"ImageObject\",\"inLanguage\":\"sv-SE\",\"@id\":\"https:\/\/www.kirkonulkomaanapu.fi\/#\/schema\/person\/image\/\",\"url\":\"https:\/\/secure.gravatar.com\/avatar\/f101c0781a998182d6d024ff2746c04ad3f49fee1d521bb355106193f29aa86e?s=96&d=mm&r=g\",\"contentUrl\":\"https:\/\/secure.gravatar.com\/avatar\/f101c0781a998182d6d024ff2746c04ad3f49fee1d521bb355106193f29aa86e?s=96&d=mm&r=g\",\"caption\":\"Anne Ronkainen\"}}]}<\/script>\n<!-- \/ Yoast SEO plugin. -->","yoast_head_json":{"title":"\u201dMin st\u00f6rsta oro \u00e4r att mitt barn ska bli sjukt av regnet\u201d - Kyrkans Utlandshj\u00e4lp","robots":{"index":"index","follow":"follow","max-snippet":"max-snippet:-1","max-image-preview":"max-image-preview:large","max-video-preview":"max-video-preview:-1"},"canonical":"https:\/\/www.kirkonulkomaanapu.fi\/sv\/ajankohtaista\/artikkelit\/min-storsta-oro-ar-att-mitt-barn-ska-bli-sjukt-av-regnet\/","og_locale":"sv_SE","og_type":"article","og_title":"\u201dMin st\u00f6rsta oro \u00e4r att mitt barn ska bli sjukt av regnet\u201d - Kyrkans Utlandshj\u00e4lp","og_description":"\u201dMin st\u00f6rsta oro \u00e4r att mitt barn ska bli sjukt av regnet\u201d \u00d6verlevande fr\u00e5n jordb\u00e4vningen i Myanmar ber\u00e4ttar om sina upplevelser av att bo i tillf\u00e4lliga boenden i Mandalay i jordb\u00e4vningens epicentrum. Text: YinMon NaingBilder: FCA Myanmar M\u00c4NNISKORNA I MYANMAR lever under sv\u00e5ra f\u00f6rh\u00e5llanden efter den sv\u00e5ra jordb\u00e4vningen den 28 mars, som kr\u00e4vde minst 5352 [&hellip;]","og_url":"https:\/\/www.kirkonulkomaanapu.fi\/sv\/ajankohtaista\/artikkelit\/min-storsta-oro-ar-att-mitt-barn-ska-bli-sjukt-av-regnet\/","og_site_name":"Kyrkans Utlandshj\u00e4lp","article_publisher":"https:\/\/www.facebook.com\/Ulkomaanapu\/","article_modified_time":"2025-05-22T11:14:25+00:00","og_image":[{"width":1917,"height":880,"url":"https:\/\/www.kirkonulkomaanapu.fi\/wp-content\/uploads\/2025\/04\/Ma-Ei-Ei-Mon-and-baby_HERO.jpeg","type":"image\/jpeg"}],"twitter_misc":{"Ber\u00e4knad l\u00e4stid":"8 minuter"},"schema":{"@context":"https:\/\/schema.org","@graph":[{"@type":"Article","@id":"https:\/\/www.kirkonulkomaanapu.fi\/sv\/ajankohtaista\/artikkelit\/min-storsta-oro-ar-att-mitt-barn-ska-bli-sjukt-av-regnet\/#article","isPartOf":{"@id":"https:\/\/www.kirkonulkomaanapu.fi\/sv\/ajankohtaista\/artikkelit\/min-storsta-oro-ar-att-mitt-barn-ska-bli-sjukt-av-regnet\/"},"author":{"name":"Anne Ronkainen","@id":"https:\/\/www.kirkonulkomaanapu.fi\/#\/schema\/person\/5663b5840cea4cca31499db72dc4dded"},"headline":"\u201dMin st\u00f6rsta oro \u00e4r att mitt barn ska bli sjukt av regnet\u201d","datePublished":"2025-05-22T11:14:23+00:00","dateModified":"2025-05-22T11:14:25+00:00","mainEntityOfPage":{"@id":"https:\/\/www.kirkonulkomaanapu.fi\/sv\/ajankohtaista\/artikkelit\/min-storsta-oro-ar-att-mitt-barn-ska-bli-sjukt-av-regnet\/"},"wordCount":1332,"publisher":{"@id":"https:\/\/www.kirkonulkomaanapu.fi\/#organization"},"image":{"@id":"https:\/\/www.kirkonulkomaanapu.fi\/sv\/ajankohtaista\/artikkelit\/min-storsta-oro-ar-att-mitt-barn-ska-bli-sjukt-av-regnet\/#primaryimage"},"thumbnailUrl":"https:\/\/www.kirkonulkomaanapu.fi\/wp-content\/uploads\/2025\/04\/Ma-Ei-Ei-Mon-and-baby_HERO.jpeg","articleSection":["Asien","Myanmar","Humanitart bistand"],"inLanguage":"sv-SE"},{"@type":"WebPage","@id":"https:\/\/www.kirkonulkomaanapu.fi\/sv\/ajankohtaista\/artikkelit\/min-storsta-oro-ar-att-mitt-barn-ska-bli-sjukt-av-regnet\/","url":"https:\/\/www.kirkonulkomaanapu.fi\/sv\/ajankohtaista\/artikkelit\/min-storsta-oro-ar-att-mitt-barn-ska-bli-sjukt-av-regnet\/","name":"\u201dMin st\u00f6rsta oro \u00e4r att mitt barn ska bli sjukt av regnet\u201d - Kyrkans Utlandshj\u00e4lp","isPartOf":{"@id":"https:\/\/www.kirkonulkomaanapu.fi\/#website"},"primaryImageOfPage":{"@id":"https:\/\/www.kirkonulkomaanapu.fi\/sv\/ajankohtaista\/artikkelit\/min-storsta-oro-ar-att-mitt-barn-ska-bli-sjukt-av-regnet\/#primaryimage"},"image":{"@id":"https:\/\/www.kirkonulkomaanapu.fi\/sv\/ajankohtaista\/artikkelit\/min-storsta-oro-ar-att-mitt-barn-ska-bli-sjukt-av-regnet\/#primaryimage"},"thumbnailUrl":"https:\/\/www.kirkonulkomaanapu.fi\/wp-content\/uploads\/2025\/04\/Ma-Ei-Ei-Mon-and-baby_HERO.jpeg","datePublished":"2025-05-22T11:14:23+00:00","dateModified":"2025-05-22T11:14:25+00:00","breadcrumb":{"@id":"https:\/\/www.kirkonulkomaanapu.fi\/sv\/ajankohtaista\/artikkelit\/min-storsta-oro-ar-att-mitt-barn-ska-bli-sjukt-av-regnet\/#breadcrumb"},"inLanguage":"sv-SE","potentialAction":[{"@type":"ReadAction","target":["https:\/\/www.kirkonulkomaanapu.fi\/sv\/ajankohtaista\/artikkelit\/min-storsta-oro-ar-att-mitt-barn-ska-bli-sjukt-av-regnet\/"]}]},{"@type":"ImageObject","inLanguage":"sv-SE","@id":"https:\/\/www.kirkonulkomaanapu.fi\/sv\/ajankohtaista\/artikkelit\/min-storsta-oro-ar-att-mitt-barn-ska-bli-sjukt-av-regnet\/#primaryimage","url":"https:\/\/www.kirkonulkomaanapu.fi\/wp-content\/uploads\/2025\/04\/Ma-Ei-Ei-Mon-and-baby_HERO.jpeg","contentUrl":"https:\/\/www.kirkonulkomaanapu.fi\/wp-content\/uploads\/2025\/04\/Ma-Ei-Ei-Mon-and-baby_HERO.jpeg","width":1917,"height":880,"caption":"Kyaung Shar Village in Amarapura Township was one of the hardest-hit areas, Ma Ei Ei Mon and her family now live in a temporary shelter after the March 28 earthquake damaged their home."},{"@type":"BreadcrumbList","@id":"https:\/\/www.kirkonulkomaanapu.fi\/sv\/ajankohtaista\/artikkelit\/min-storsta-oro-ar-att-mitt-barn-ska-bli-sjukt-av-regnet\/#breadcrumb","itemListElement":[{"@type":"ListItem","position":1,"name":"Home","item":"https:\/\/www.kirkonulkomaanapu.fi\/sv\/"},{"@type":"ListItem","position":2,"name":"Artikkelit","item":"https:\/\/www.kirkonulkomaanapu.fi\/ajankohtaista\/artikkelit\/"},{"@type":"ListItem","position":3,"name":"\u201dMin st\u00f6rsta oro \u00e4r att mitt barn ska bli sjukt av regnet\u201d"}]},{"@type":"WebSite","@id":"https:\/\/www.kirkonulkomaanapu.fi\/#website","url":"https:\/\/www.kirkonulkomaanapu.fi\/","name":"Kirkon Ulkomaanapu","description":"Suomen suurin kehitysyhteisty\u00f6j\u00e4rjest\u00f6","publisher":{"@id":"https:\/\/www.kirkonulkomaanapu.fi\/#organization"},"alternateName":"KUA","potentialAction":[{"@type":"SearchAction","target":{"@type":"EntryPoint","urlTemplate":"https:\/\/www.kirkonulkomaanapu.fi\/?s={search_term_string}"},"query-input":{"@type":"PropertyValueSpecification","valueRequired":true,"valueName":"search_term_string"}}],"inLanguage":"sv-SE"},{"@type":"Organization","@id":"https:\/\/www.kirkonulkomaanapu.fi\/#organization","name":"Kirkon Ulkomaanapu","alternateName":"KUA","url":"https:\/\/www.kirkonulkomaanapu.fi\/","logo":{"@type":"ImageObject","inLanguage":"sv-SE","@id":"https:\/\/www.kirkonulkomaanapu.fi\/#\/schema\/logo\/image\/","url":"https:\/\/www.kirkonulkomaanapu.fi\/wp-content\/uploads\/2026\/02\/Kirkon-ulkomaanapu-logo-1.png","contentUrl":"https:\/\/www.kirkonulkomaanapu.fi\/wp-content\/uploads\/2026\/02\/Kirkon-ulkomaanapu-logo-1.png","width":225,"height":225,"caption":"Kirkon Ulkomaanapu"},"image":{"@id":"https:\/\/www.kirkonulkomaanapu.fi\/#\/schema\/logo\/image\/"},"sameAs":["https:\/\/www.facebook.com\/Ulkomaanapu\/","https:\/\/www.youtube.com\/user\/kirkonulkomaanapu","https:\/\/instagram.com\/kirkon_ulkomaanapu\/","https:\/\/www.linkedin.com\/company\/finn-church-aid\/"]},{"@type":"Person","@id":"https:\/\/www.kirkonulkomaanapu.fi\/#\/schema\/person\/5663b5840cea4cca31499db72dc4dded","name":"Anne Ronkainen","image":{"@type":"ImageObject","inLanguage":"sv-SE","@id":"https:\/\/www.kirkonulkomaanapu.fi\/#\/schema\/person\/image\/","url":"https:\/\/secure.gravatar.com\/avatar\/f101c0781a998182d6d024ff2746c04ad3f49fee1d521bb355106193f29aa86e?s=96&d=mm&r=g","contentUrl":"https:\/\/secure.gravatar.com\/avatar\/f101c0781a998182d6d024ff2746c04ad3f49fee1d521bb355106193f29aa86e?s=96&d=mm&r=g","caption":"Anne Ronkainen"}}]}},"_links":{"self":[{"href":"https:\/\/www.kirkonulkomaanapu.fi\/sv\/wp-json\/wp\/v2\/article\/154941","targetHints":{"allow":["GET"]}}],"collection":[{"href":"https:\/\/www.kirkonulkomaanapu.fi\/sv\/wp-json\/wp\/v2\/article"}],"about":[{"href":"https:\/\/www.kirkonulkomaanapu.fi\/sv\/wp-json\/wp\/v2\/types\/artikkelit"}],"author":[{"embeddable":true,"href":"https:\/\/www.kirkonulkomaanapu.fi\/sv\/wp-json\/wp\/v2\/users\/101"}],"version-history":[{"count":3,"href":"https:\/\/www.kirkonulkomaanapu.fi\/sv\/wp-json\/wp\/v2\/article\/154941\/revisions"}],"predecessor-version":[{"id":154944,"href":"https:\/\/www.kirkonulkomaanapu.fi\/sv\/wp-json\/wp\/v2\/article\/154941\/revisions\/154944"}],"wp:featuredmedia":[{"embeddable":true,"href":"https:\/\/www.kirkonulkomaanapu.fi\/sv\/wp-json\/wp\/v2\/media\/153977"}],"wp:attachment":[{"href":"https:\/\/www.kirkonulkomaanapu.fi\/sv\/wp-json\/wp\/v2\/media?parent=154941"}],"wp:term":[{"taxonomy":"category","embeddable":true,"href":"https:\/\/www.kirkonulkomaanapu.fi\/sv\/wp-json\/wp\/v2\/categories?post=154941"},{"taxonomy":"countries","embeddable":true,"href":"https:\/\/www.kirkonulkomaanapu.fi\/sv\/wp-json\/wp\/v2\/countries?post=154941"},{"taxonomy":"article_themes","embeddable":true,"href":"https:\/\/www.kirkonulkomaanapu.fi\/sv\/wp-json\/wp\/v2\/article_themes?post=154941"}],"curies":[{"name":"wp","href":"https:\/\/api.w.org\/{rel}","templated":true}]}}