{"id":154846,"date":"2025-05-20T10:29:48","date_gmt":"2025-05-20T07:29:48","guid":{"rendered":"https:\/\/www.kirkonulkomaanapu.fi\/?post_type=artikkelit&#038;p=154846"},"modified":"2025-05-20T10:29:49","modified_gmt":"2025-05-20T07:29:49","slug":"en-katastrof-som-angar-hela-varden","status":"publish","type":"artikkelit","link":"https:\/\/www.kirkonulkomaanapu.fi\/sv\/aktuellt\/artiklar\/en-katastrof-som-angar-hela-varden\/","title":{"rendered":"En katastrof som ang\u00e5r hela v\u00e4rden"},"content":{"rendered":"\n\n\n<div class=\"block-hero full-width id-block\" style=\"background-image: url('https:\/\/www.kirkonulkomaanapu.fi\/wp-content\/uploads\/2025\/05\/tekoja-2025-2-analyysi-hero-16-9.jpg');\">\n\n\t<div class=\"bg-mobile\" style=\"background-image: url('https:\/\/www.kirkonulkomaanapu.fi\/wp-content\/uploads\/2025\/05\/tekoja-2025-2-analyysi-hero-16-9-1024x576.jpg');\"><\/div>\n\n\t\n\t<div class=\"curtain\"><\/div>\n\n\t<div class=\"container\">\n\t\t<div class=\"row\">\n\t\t\t<div class=\"col\">\n\t\t\t\t<div class=\"inner-blocks entry-content\">\n\t\t\t\t\t\t\t\t\t\t\t\n\n<h1 class=\"wp-block-heading\"><\/h1>\n\n\n\t\t\t\t\t\t\t\t\t<\/div>\n\t\t\t<\/div>\n\t\t<\/div>\n\t<\/div>\n<\/div>\n\n\n\n\n\n\n\n\n<h1 class=\"wp-block-heading\">En katastrof som ang\u00e5r hela v\u00e4rden<\/h1>\n\n\n\n<p class=\"is-style-ingress\">\u00c5r 2025 b\u00f6rjade dramatiskt med att USA skar bort en stor del av tillg\u00e5ngarna f\u00f6r de allra fattigaste i v\u00e4rlden. Nu g\u00e4ller det f\u00f6r Europa att agera r\u00e4tt, eftersom effekterna kommer att m\u00e4rkas ocks\u00e5 h\u00e4r.<\/p>\n\n\n\n<p>Text: Tapio Laakso<br>Illustration: Julia Tavast<\/p>\n\n\n\n<p class=\"is-style-default\">I b\u00f6rjan av \u00e5ret skrev vi i tidningen Tekoja om hur USA:s president <strong>Donald Trumps <\/strong>era, geopolitiska sp\u00e4nningar och eskalerande konflikter medf\u00f6r betydande utmaningar f\u00f6r den internationella utvecklingspolitiken. Nu kan vi konstatera, att hoten visar sig vara allvarligare \u00e4n vad som f\u00f6rutsp\u00e5ddes.<br><br>\u00c5ret har b\u00f6rjat dramatiskt, s\u00e4rskilt i de fattigaste och mest br\u00e4ckliga staterna. I stort sett \u00f6ver en natt besl\u00f6t USA att avsluta n\u00e4stan allt sitt internationella bist\u00e5nd. Beslutet avbr\u00f6t n\u00e4stan 10 000 finansieringsavtal till ett v\u00e4rde av svindlande 58 miljarder dollar. Fr\u00e5n ett utvecklingssamarbetsperspektiv var det h\u00e4r inte bara ett byr\u00e5kratiskt beslut, utan b\u00f6rjan p\u00e5 en kris som det \u00e4r sv\u00e5rt att \u00f6verdriva vidden av.<br><br>USA har under decennier varit en stor akt\u00f6r inom utvecklingssamarbete, humanit\u00e4rt bist\u00e5nd och utvecklingssamarbete. F\u00f6rra \u00e5ret stod USA f\u00f6r 42% av allt humanit\u00e4rt bist\u00e5nd i v\u00e4rlden. I f\u00f6rh\u00e5llande till landets storlek har insatsen varit anspr\u00e5ksl\u00f6s, men i dollar r\u00e4knat har beloppet \u00e4nd\u00e5 varit enormt. Nu har den h\u00e4r massiva st\u00f6dpelaren fallit s\u00f6nder &#8211; och de f\u00f6rsta sprickorna i helheten \u00e4r redan synliga.<br><br>USA har genomf\u00f6rt sitt utvecklingssamarbete genom ett antal ministerier och byr\u00e5er. Den \u00f6verl\u00e4gset st\u00f6rsta har varit USAID, som var den viktigaste akt\u00f6ren inom den globala h\u00e4lsosektorn innan Trumpadministrationen drev ned den &#8211; eller \u201dstrimlade den\u201d, som <strong>Elon Musk<\/strong>, som har k\u00e4mpat emot reformer tillsammans med presidenten, kallade det. USAID:s h\u00e4lsoprogram erbj\u00f6d bland annat poliovaccinationer i l\u00e4nder d\u00e4r sjukdomen fortfarande f\u00f6rekommer, och arbetade f\u00f6r att f\u00f6rhindra spridningen av virus som kan orsaka pandemier.<br><br>USA finansierade ocks\u00e5 stora globala insatser f\u00f6r att f\u00e5 slut p\u00e5 os\u00e4ker livsmedelsf\u00f6rs\u00f6rjning och hunger. De finansierade system och datainsamling f\u00f6r att f\u00f6rebygga hungersn\u00f6d. Utan USA riskerar de h\u00e4r systemen att kollapsa, vilket g\u00f6r det sv\u00e5rare att reagera p\u00e5 livsmedelskriser. Tidpunkten kunde inte vara s\u00e4mre, eftersom behovet av humanit\u00e4rt bist\u00e5nd i v\u00e4rlden \u00e4r p\u00e5 h\u00f6gsta niv\u00e5 sedan andra v\u00e4rldskriget.<br><br>Enligt uppskattningar kan miljontals m\u00e4nniskor d\u00f6 till f\u00f6ljd av besluten. Liv st\u00e5r p\u00e5 spel, men deras \u00f6de kan g\u00e5 obem\u00e4rkt f\u00f6rbi eftersom finansieringen av statistikf\u00f6ringen upph\u00f6r och d\u00e4rmed kommer f\u00f6ljaktligen ingen statistik att finnas. USA har varit en viktig finansi\u00e4r f\u00f6r Kyrkans Utlandshj\u00e4lp (KUA) i Uganda och Kenya. Landet har gett bidrag till utbildning f\u00f6r flyktingar f\u00f6r en summa p\u00e5 sju miljoner dollar. F\u00f6r KUA inneb\u00e4r upph\u00f6randet av finansieringen att mer \u00e4n 200.000 barn och ungdomar kommer att l\u00e4mnas utan utbildning, skolmaterial, skydd, undervisningslokaler &#8211; och till och med hygienartiklar som mensskydd.<br><\/p>\n\n\n\n<figure class=\"wp-block-image size-large\"><img loading=\"lazy\" decoding=\"async\" width=\"1024\" height=\"683\" src=\"https:\/\/www.kirkonulkomaanapu.fi\/wp-content\/uploads\/2025\/05\/tekoja-2025-2-analyysi-artikkelikuva-1024x683.jpg\" alt=\"Liekehtiv\u00e4 setelipino.\" class=\"wp-image-154793\" srcset=\"https:\/\/www.kirkonulkomaanapu.fi\/wp-content\/uploads\/2025\/05\/tekoja-2025-2-analyysi-artikkelikuva-1024x683.jpg 1024w, https:\/\/www.kirkonulkomaanapu.fi\/wp-content\/uploads\/2025\/05\/tekoja-2025-2-analyysi-artikkelikuva-480x320.jpg 480w, https:\/\/www.kirkonulkomaanapu.fi\/wp-content\/uploads\/2025\/05\/tekoja-2025-2-analyysi-artikkelikuva-768x512.jpg 768w, https:\/\/www.kirkonulkomaanapu.fi\/wp-content\/uploads\/2025\/05\/tekoja-2025-2-analyysi-artikkelikuva-1536x1024.jpg 1536w, https:\/\/www.kirkonulkomaanapu.fi\/wp-content\/uploads\/2025\/05\/tekoja-2025-2-analyysi-artikkelikuva-267x178.jpg 267w, https:\/\/www.kirkonulkomaanapu.fi\/wp-content\/uploads\/2025\/05\/tekoja-2025-2-analyysi-artikkelikuva.jpg 1920w\" sizes=\"auto, (max-width: 1024px) 100vw, 1024px\" \/><\/figure>\n\n\n\n<p class=\"is-style-default\"><br>Men oron f\u00f6r utbildningen \u00e4r bredare \u00e4n vad KUA:s arbete str\u00e4cker sig till. USA har varit en av de st\u00f6rsta finansi\u00e4rerna av grundskoleutbildning som en del av sitt utvecklingsarbete. Nedsk\u00e4rningar i det humanit\u00e4ra bist\u00e5ndet leder i sin tur till stora omf\u00f6rdelningar av medel, och utbildningen befaras drabbas kraftigt. Redan under coronapandemin s\u00e5g vi, vilka enorma effekter nedl\u00e4ggningen av skolorna hade. Antalet elever som hoppar av skolan \u00f6kar liksom ocks\u00e5 barnarbete, ton\u00e5rsgraviditeter och barn\u00e4ktenskap. Skolor uppr\u00e4tth\u00e5ller inte bara m\u00e4nniskors tro p\u00e5 framtiden, utan h\u00e5ller ocks\u00e5 barn och ungdomar trygga och mentalt friska i kristider.<br><br>Effekterna av USA.s nedsk\u00e4rningar \u00e4r inte begr\u00e4nsade till enskilda projekt. Det skakar om hela systemet.<br><br>USA har en viktig roll att spela i FN-organ som till exempel flyktingkommissariatet UNHCR, V\u00e4rldslivsmedelsprogrammet WFP och UNICEF. I och med att USA \u00e4r en del av FN:s hj\u00e4lporganisationer m\u00e4rks effekterna i hela det globala humanit\u00e4ra samfundet. FN-organen spelar en viktig roll i det globala humanit\u00e4ra systemet, eftersom de har en viktig samordnande och infrastrukturell roll. FN-organen ser till att logistikarbetet fungerar under humanit\u00e4ra kriser, att arbetet \u00e4r tryggt och att aktuell information om situationen sprids.<br><br>P\u00e5 l\u00e5ng sikt handlar det om framtiden f\u00f6r det internationella samfundet, som redan knakar i fogarna. FN \u00e4r l\u00e5ngt ifr\u00e5n perfekt, men \u00e4nd\u00e5 det b\u00e4sta forum som finns f\u00f6r att uppr\u00e4tth\u00e5lla diskussioner och \u00f6verenskommelser mellan alla v\u00e4rldens l\u00e4nder.<br><br>Myanmars f\u00f6r\u00f6dande jordb\u00e4vning i mars 2025 var den f\u00f6rsta stora katastrofen sedan USA skar ner n\u00e4stan allt sitt internationella bist\u00e5nd. S\u00e5 sent som f\u00f6rra \u00e5ret finansierade USA en tredjedel av Myanmars humanit\u00e4ra bist\u00e5nd och skulle ha varit bland de f\u00f6rsta att r\u00e4dda jordb\u00e4vningens offer och erbjuda hj\u00e4lp. I den nya finansieringssituationen skickade USA ett team p\u00e5 tre personer, som avskedades mitt i hj\u00e4lpinsatsen.<br><br>Det handlar dessutom inte bara om jordb\u00e4vningen. Myanmar \u00e4r ett land i inb\u00f6rdeskrig, d\u00e4r behovet av hj\u00e4lp \u00e4r enormt. I flera l\u00e4nder &#8211; d\u00e4ribland Sydsudan, Somalia och Afghanistan &#8211; stod USAID f\u00f6r mer \u00e4n en femtedel av allt bist\u00e5nd. Som f\u00f6ljd av nedsk\u00e4rningarna kan s\u00e5 mycket som nio procent av bruttonationalinkomsten i de ovan n\u00e4mnda l\u00e4nderna f\u00f6rsvinna.<br>I br\u00e4ckliga l\u00e4nder \u00e4r konsekvenserna omedelbara och kan f\u00f6rdjupa eller eskalera l\u00e5ngvariga konflikter. De fattigaste l\u00e4nderna har f\u00e4rre finansieringsm\u00f6jligheter, till exempel fr\u00e5n utl\u00e4ndska investeringar eller den privata sektorn. \u00c5 andra sidan g\u00f6r till exempel klimatkrisen och sv\u00e5ra konflikter det sv\u00e5rare att komma p\u00e5 f\u00f6tter igen utan externt st\u00f6d.<br><br>N\u00e4r v\u00e4rldens st\u00f6rsta bist\u00e5ndsgivare drar sig tillbaka uppst\u00e5r ett enormt vakuum. EU och medlemsl\u00e4nderna &#8211; inklusive Finland \u2013 beh\u00f6ver nu visa vad de st\u00e5r f\u00f6r. Fattigdomen och instabiliteten kommer att \u00f6ka och konflikterna att f\u00f6rdjupas, s\u00e4rskilt i Europas grannskap. Det h\u00e4r kommer att p\u00e5verka oss, till exempel genom att det blir sv\u00e5rare att skyddas mot smittsamma sjukdomar.<br><br>I och med USA:s nedsk\u00e4rningar har Europa ett \u00e4nnu st\u00f6rre behov av att hitta nya samarbetspartner. Diplomatin med Kina, Indien, Turkiet och Gulfstaterna kan bidra till att f\u00e5 in nya akt\u00f6rer, ocks\u00e5 p\u00e5 den internationella arenan av det humanit\u00e4ra systemet.<br><br>Samtidigt kan Europa genom att agera nu visa solidaritet mitt i krisen. Ocks\u00e5 Finland m\u00e5ste se \u00f6ver sina egna nedsk\u00e4rningar och \u00f6ka finansieringen, s\u00e4rskilt till de omr\u00e5den som drabbats h\u00e5rdast av USA:s nedsk\u00e4rningar. S\u00e4rskilt st\u00f6d till utbildning skulle vara ett naturligt s\u00e4tt f\u00f6r oss att vidta \u00e5tg\u00e4rder.<br><br>N\u00e4r v\u00e4rlden hotas av att slitas s\u00f6nder, beh\u00f6ver vi tillsammans bygga upp den igen.<br><\/p>\n\n\n\n<p>Litteraturf\u00f6rteckning: Devex, Center for Global Development, Donor tracker, CNN. ReliefWeb 28.2.2025<\/p>\n","protected":false},"excerpt":{"rendered":"<p>En katastrof som ang\u00e5r hela v\u00e4rden \u00c5r 2025 b\u00f6rjade dramatiskt med att USA skar bort en stor del av tillg\u00e5ngarna f\u00f6r de allra fattigaste i v\u00e4rlden. Nu g\u00e4ller det f\u00f6r Europa att agera r\u00e4tt, eftersom effekterna kommer att m\u00e4rkas ocks\u00e5 h\u00e4r. Text: Tapio LaaksoIllustration: Julia Tavast I b\u00f6rjan av \u00e5ret skrev vi i tidningen Tekoja [&hellip;]<\/p>\n","protected":false},"author":101,"featured_media":154515,"menu_order":0,"template":"","meta":{"_acf_changed":false,"_relevanssi_hide_post":"","_relevanssi_hide_content":"","_relevanssi_pin_for_all":"","_relevanssi_pin_keywords":"","_relevanssi_unpin_keywords":"","_relevanssi_related_keywords":"","_relevanssi_related_include_ids":"","_relevanssi_related_exclude_ids":"","_relevanssi_related_no_append":"","_relevanssi_related_not_related":"","_relevanssi_related_posts":"121400,121424,121614,144867,142749,154680","_relevanssi_noindex_reason":"","_improvement_type_select":"improve_an_existing","_thumb_yes_seoaic":false,"_frame_yes_seoaic":false,"seoaic_generate_description":"","seoaic_improve_instructions_prompt":"","seoaic_rollback_content_improvement":"","seoaic_idea_thumbnail_generator":"","thumbnail_generated":false,"thumbnail_generate_prompt":"","seoaic_article_description":"","footnotes":""},"categories":[202,340,911],"countries":[],"article_themes":[],"class_list":["post-154846","artikkelit","type-artikkelit","status-publish","has-post-thumbnail","hentry","category-utkomst","category-utvecklingssamarbet","category-tekoja"],"acf":[],"yoast_head":"<!-- This site is optimized with the Yoast SEO plugin v26.9 - https:\/\/yoast.com\/product\/yoast-seo-wordpress\/ -->\n<title>En katastrof som ang\u00e5r hela v\u00e4rden - Kyrkans Utlandshj\u00e4lp<\/title>\n<meta name=\"robots\" content=\"index, follow, max-snippet:-1, max-image-preview:large, max-video-preview:-1\" \/>\n<link rel=\"canonical\" href=\"https:\/\/www.kirkonulkomaanapu.fi\/sv\/ajankohtaista\/artikkelit\/en-katastrof-som-angar-hela-varden\/\" \/>\n<meta property=\"og:locale\" content=\"sv_SE\" \/>\n<meta property=\"og:type\" content=\"article\" \/>\n<meta property=\"og:title\" content=\"En katastrof som ang\u00e5r hela v\u00e4rden - Kyrkans Utlandshj\u00e4lp\" \/>\n<meta property=\"og:description\" content=\"En katastrof som ang\u00e5r hela v\u00e4rden \u00c5r 2025 b\u00f6rjade dramatiskt med att USA skar bort en stor del av tillg\u00e5ngarna f\u00f6r de allra fattigaste i v\u00e4rlden. Nu g\u00e4ller det f\u00f6r Europa att agera r\u00e4tt, eftersom effekterna kommer att m\u00e4rkas ocks\u00e5 h\u00e4r. Text: Tapio LaaksoIllustration: Julia Tavast I b\u00f6rjan av \u00e5ret skrev vi i tidningen Tekoja [&hellip;]\" \/>\n<meta property=\"og:url\" content=\"https:\/\/www.kirkonulkomaanapu.fi\/sv\/ajankohtaista\/artikkelit\/en-katastrof-som-angar-hela-varden\/\" \/>\n<meta property=\"og:site_name\" content=\"Kyrkans Utlandshj\u00e4lp\" \/>\n<meta property=\"article:publisher\" content=\"https:\/\/www.facebook.com\/Ulkomaanapu\/\" \/>\n<meta property=\"article:modified_time\" content=\"2025-05-20T07:29:49+00:00\" \/>\n<meta property=\"og:image\" content=\"https:\/\/www.kirkonulkomaanapu.fi\/wp-content\/uploads\/2025\/05\/tekoja-2025-2-analyysi-hero-16-9.jpg\" \/>\n\t<meta property=\"og:image:width\" content=\"1920\" \/>\n\t<meta property=\"og:image:height\" content=\"1080\" \/>\n\t<meta property=\"og:image:type\" content=\"image\/jpeg\" \/>\n<meta name=\"twitter:label1\" content=\"Ber\u00e4knad l\u00e4stid\" \/>\n\t<meta name=\"twitter:data1\" content=\"7 minuter\" \/>\n<script type=\"application\/ld+json\" class=\"yoast-schema-graph\">{\"@context\":\"https:\/\/schema.org\",\"@graph\":[{\"@type\":\"Article\",\"@id\":\"https:\/\/www.kirkonulkomaanapu.fi\/sv\/ajankohtaista\/artikkelit\/en-katastrof-som-angar-hela-varden\/#article\",\"isPartOf\":{\"@id\":\"https:\/\/www.kirkonulkomaanapu.fi\/sv\/ajankohtaista\/artikkelit\/en-katastrof-som-angar-hela-varden\/\"},\"author\":{\"name\":\"Anne Ronkainen\",\"@id\":\"https:\/\/www.kirkonulkomaanapu.fi\/#\/schema\/person\/5663b5840cea4cca31499db72dc4dded\"},\"headline\":\"En katastrof som ang\u00e5r hela v\u00e4rden\",\"datePublished\":\"2025-05-20T07:29:48+00:00\",\"dateModified\":\"2025-05-20T07:29:49+00:00\",\"mainEntityOfPage\":{\"@id\":\"https:\/\/www.kirkonulkomaanapu.fi\/sv\/ajankohtaista\/artikkelit\/en-katastrof-som-angar-hela-varden\/\"},\"wordCount\":1207,\"publisher\":{\"@id\":\"https:\/\/www.kirkonulkomaanapu.fi\/#organization\"},\"image\":{\"@id\":\"https:\/\/www.kirkonulkomaanapu.fi\/sv\/ajankohtaista\/artikkelit\/en-katastrof-som-angar-hela-varden\/#primaryimage\"},\"thumbnailUrl\":\"https:\/\/www.kirkonulkomaanapu.fi\/wp-content\/uploads\/2025\/05\/tekoja-2025-2-analyysi-hero-16-9.jpg\",\"articleSection\":[\"Utkomst\",\"Utvecklingssamarbet\",\"TEKOJA\"],\"inLanguage\":\"sv-SE\"},{\"@type\":\"WebPage\",\"@id\":\"https:\/\/www.kirkonulkomaanapu.fi\/sv\/ajankohtaista\/artikkelit\/en-katastrof-som-angar-hela-varden\/\",\"url\":\"https:\/\/www.kirkonulkomaanapu.fi\/sv\/ajankohtaista\/artikkelit\/en-katastrof-som-angar-hela-varden\/\",\"name\":\"En katastrof som ang\u00e5r hela v\u00e4rden - Kyrkans Utlandshj\u00e4lp\",\"isPartOf\":{\"@id\":\"https:\/\/www.kirkonulkomaanapu.fi\/#website\"},\"primaryImageOfPage\":{\"@id\":\"https:\/\/www.kirkonulkomaanapu.fi\/sv\/ajankohtaista\/artikkelit\/en-katastrof-som-angar-hela-varden\/#primaryimage\"},\"image\":{\"@id\":\"https:\/\/www.kirkonulkomaanapu.fi\/sv\/ajankohtaista\/artikkelit\/en-katastrof-som-angar-hela-varden\/#primaryimage\"},\"thumbnailUrl\":\"https:\/\/www.kirkonulkomaanapu.fi\/wp-content\/uploads\/2025\/05\/tekoja-2025-2-analyysi-hero-16-9.jpg\",\"datePublished\":\"2025-05-20T07:29:48+00:00\",\"dateModified\":\"2025-05-20T07:29:49+00:00\",\"breadcrumb\":{\"@id\":\"https:\/\/www.kirkonulkomaanapu.fi\/sv\/ajankohtaista\/artikkelit\/en-katastrof-som-angar-hela-varden\/#breadcrumb\"},\"inLanguage\":\"sv-SE\",\"potentialAction\":[{\"@type\":\"ReadAction\",\"target\":[\"https:\/\/www.kirkonulkomaanapu.fi\/sv\/ajankohtaista\/artikkelit\/en-katastrof-som-angar-hela-varden\/\"]}]},{\"@type\":\"ImageObject\",\"inLanguage\":\"sv-SE\",\"@id\":\"https:\/\/www.kirkonulkomaanapu.fi\/sv\/ajankohtaista\/artikkelit\/en-katastrof-som-angar-hela-varden\/#primaryimage\",\"url\":\"https:\/\/www.kirkonulkomaanapu.fi\/wp-content\/uploads\/2025\/05\/tekoja-2025-2-analyysi-hero-16-9.jpg\",\"contentUrl\":\"https:\/\/www.kirkonulkomaanapu.fi\/wp-content\/uploads\/2025\/05\/tekoja-2025-2-analyysi-hero-16-9.jpg\",\"width\":1920,\"height\":1080,\"caption\":\"Illustration by Julia Tavast\"},{\"@type\":\"BreadcrumbList\",\"@id\":\"https:\/\/www.kirkonulkomaanapu.fi\/sv\/ajankohtaista\/artikkelit\/en-katastrof-som-angar-hela-varden\/#breadcrumb\",\"itemListElement\":[{\"@type\":\"ListItem\",\"position\":1,\"name\":\"Home\",\"item\":\"https:\/\/www.kirkonulkomaanapu.fi\/sv\/\"},{\"@type\":\"ListItem\",\"position\":2,\"name\":\"Artikkelit\",\"item\":\"https:\/\/www.kirkonulkomaanapu.fi\/ajankohtaista\/artikkelit\/\"},{\"@type\":\"ListItem\",\"position\":3,\"name\":\"En katastrof som ang\u00e5r hela v\u00e4rden\"}]},{\"@type\":\"WebSite\",\"@id\":\"https:\/\/www.kirkonulkomaanapu.fi\/#website\",\"url\":\"https:\/\/www.kirkonulkomaanapu.fi\/\",\"name\":\"Kirkon Ulkomaanapu\",\"description\":\"Suomen suurin kehitysyhteisty\u00f6j\u00e4rjest\u00f6\",\"publisher\":{\"@id\":\"https:\/\/www.kirkonulkomaanapu.fi\/#organization\"},\"alternateName\":\"KUA\",\"potentialAction\":[{\"@type\":\"SearchAction\",\"target\":{\"@type\":\"EntryPoint\",\"urlTemplate\":\"https:\/\/www.kirkonulkomaanapu.fi\/?s={search_term_string}\"},\"query-input\":{\"@type\":\"PropertyValueSpecification\",\"valueRequired\":true,\"valueName\":\"search_term_string\"}}],\"inLanguage\":\"sv-SE\"},{\"@type\":\"Organization\",\"@id\":\"https:\/\/www.kirkonulkomaanapu.fi\/#organization\",\"name\":\"Kirkon Ulkomaanapu\",\"alternateName\":\"KUA\",\"url\":\"https:\/\/www.kirkonulkomaanapu.fi\/\",\"logo\":{\"@type\":\"ImageObject\",\"inLanguage\":\"sv-SE\",\"@id\":\"https:\/\/www.kirkonulkomaanapu.fi\/#\/schema\/logo\/image\/\",\"url\":\"https:\/\/www.kirkonulkomaanapu.fi\/wp-content\/uploads\/2026\/02\/Kirkon-ulkomaanapu-logo-1.png\",\"contentUrl\":\"https:\/\/www.kirkonulkomaanapu.fi\/wp-content\/uploads\/2026\/02\/Kirkon-ulkomaanapu-logo-1.png\",\"width\":225,\"height\":225,\"caption\":\"Kirkon Ulkomaanapu\"},\"image\":{\"@id\":\"https:\/\/www.kirkonulkomaanapu.fi\/#\/schema\/logo\/image\/\"},\"sameAs\":[\"https:\/\/www.facebook.com\/Ulkomaanapu\/\",\"https:\/\/www.youtube.com\/user\/kirkonulkomaanapu\",\"https:\/\/instagram.com\/kirkon_ulkomaanapu\/\",\"https:\/\/www.linkedin.com\/company\/finn-church-aid\/\"]},{\"@type\":\"Person\",\"@id\":\"https:\/\/www.kirkonulkomaanapu.fi\/#\/schema\/person\/5663b5840cea4cca31499db72dc4dded\",\"name\":\"Anne Ronkainen\",\"image\":{\"@type\":\"ImageObject\",\"inLanguage\":\"sv-SE\",\"@id\":\"https:\/\/www.kirkonulkomaanapu.fi\/#\/schema\/person\/image\/\",\"url\":\"https:\/\/secure.gravatar.com\/avatar\/f101c0781a998182d6d024ff2746c04ad3f49fee1d521bb355106193f29aa86e?s=96&d=mm&r=g\",\"contentUrl\":\"https:\/\/secure.gravatar.com\/avatar\/f101c0781a998182d6d024ff2746c04ad3f49fee1d521bb355106193f29aa86e?s=96&d=mm&r=g\",\"caption\":\"Anne Ronkainen\"}}]}<\/script>\n<!-- \/ Yoast SEO plugin. -->","yoast_head_json":{"title":"En katastrof som ang\u00e5r hela v\u00e4rden - Kyrkans Utlandshj\u00e4lp","robots":{"index":"index","follow":"follow","max-snippet":"max-snippet:-1","max-image-preview":"max-image-preview:large","max-video-preview":"max-video-preview:-1"},"canonical":"https:\/\/www.kirkonulkomaanapu.fi\/sv\/ajankohtaista\/artikkelit\/en-katastrof-som-angar-hela-varden\/","og_locale":"sv_SE","og_type":"article","og_title":"En katastrof som ang\u00e5r hela v\u00e4rden - Kyrkans Utlandshj\u00e4lp","og_description":"En katastrof som ang\u00e5r hela v\u00e4rden \u00c5r 2025 b\u00f6rjade dramatiskt med att USA skar bort en stor del av tillg\u00e5ngarna f\u00f6r de allra fattigaste i v\u00e4rlden. Nu g\u00e4ller det f\u00f6r Europa att agera r\u00e4tt, eftersom effekterna kommer att m\u00e4rkas ocks\u00e5 h\u00e4r. Text: Tapio LaaksoIllustration: Julia Tavast I b\u00f6rjan av \u00e5ret skrev vi i tidningen Tekoja [&hellip;]","og_url":"https:\/\/www.kirkonulkomaanapu.fi\/sv\/ajankohtaista\/artikkelit\/en-katastrof-som-angar-hela-varden\/","og_site_name":"Kyrkans Utlandshj\u00e4lp","article_publisher":"https:\/\/www.facebook.com\/Ulkomaanapu\/","article_modified_time":"2025-05-20T07:29:49+00:00","og_image":[{"width":1920,"height":1080,"url":"https:\/\/www.kirkonulkomaanapu.fi\/wp-content\/uploads\/2025\/05\/tekoja-2025-2-analyysi-hero-16-9.jpg","type":"image\/jpeg"}],"twitter_misc":{"Ber\u00e4knad l\u00e4stid":"7 minuter"},"schema":{"@context":"https:\/\/schema.org","@graph":[{"@type":"Article","@id":"https:\/\/www.kirkonulkomaanapu.fi\/sv\/ajankohtaista\/artikkelit\/en-katastrof-som-angar-hela-varden\/#article","isPartOf":{"@id":"https:\/\/www.kirkonulkomaanapu.fi\/sv\/ajankohtaista\/artikkelit\/en-katastrof-som-angar-hela-varden\/"},"author":{"name":"Anne Ronkainen","@id":"https:\/\/www.kirkonulkomaanapu.fi\/#\/schema\/person\/5663b5840cea4cca31499db72dc4dded"},"headline":"En katastrof som ang\u00e5r hela v\u00e4rden","datePublished":"2025-05-20T07:29:48+00:00","dateModified":"2025-05-20T07:29:49+00:00","mainEntityOfPage":{"@id":"https:\/\/www.kirkonulkomaanapu.fi\/sv\/ajankohtaista\/artikkelit\/en-katastrof-som-angar-hela-varden\/"},"wordCount":1207,"publisher":{"@id":"https:\/\/www.kirkonulkomaanapu.fi\/#organization"},"image":{"@id":"https:\/\/www.kirkonulkomaanapu.fi\/sv\/ajankohtaista\/artikkelit\/en-katastrof-som-angar-hela-varden\/#primaryimage"},"thumbnailUrl":"https:\/\/www.kirkonulkomaanapu.fi\/wp-content\/uploads\/2025\/05\/tekoja-2025-2-analyysi-hero-16-9.jpg","articleSection":["Utkomst","Utvecklingssamarbet","TEKOJA"],"inLanguage":"sv-SE"},{"@type":"WebPage","@id":"https:\/\/www.kirkonulkomaanapu.fi\/sv\/ajankohtaista\/artikkelit\/en-katastrof-som-angar-hela-varden\/","url":"https:\/\/www.kirkonulkomaanapu.fi\/sv\/ajankohtaista\/artikkelit\/en-katastrof-som-angar-hela-varden\/","name":"En katastrof som ang\u00e5r hela v\u00e4rden - Kyrkans Utlandshj\u00e4lp","isPartOf":{"@id":"https:\/\/www.kirkonulkomaanapu.fi\/#website"},"primaryImageOfPage":{"@id":"https:\/\/www.kirkonulkomaanapu.fi\/sv\/ajankohtaista\/artikkelit\/en-katastrof-som-angar-hela-varden\/#primaryimage"},"image":{"@id":"https:\/\/www.kirkonulkomaanapu.fi\/sv\/ajankohtaista\/artikkelit\/en-katastrof-som-angar-hela-varden\/#primaryimage"},"thumbnailUrl":"https:\/\/www.kirkonulkomaanapu.fi\/wp-content\/uploads\/2025\/05\/tekoja-2025-2-analyysi-hero-16-9.jpg","datePublished":"2025-05-20T07:29:48+00:00","dateModified":"2025-05-20T07:29:49+00:00","breadcrumb":{"@id":"https:\/\/www.kirkonulkomaanapu.fi\/sv\/ajankohtaista\/artikkelit\/en-katastrof-som-angar-hela-varden\/#breadcrumb"},"inLanguage":"sv-SE","potentialAction":[{"@type":"ReadAction","target":["https:\/\/www.kirkonulkomaanapu.fi\/sv\/ajankohtaista\/artikkelit\/en-katastrof-som-angar-hela-varden\/"]}]},{"@type":"ImageObject","inLanguage":"sv-SE","@id":"https:\/\/www.kirkonulkomaanapu.fi\/sv\/ajankohtaista\/artikkelit\/en-katastrof-som-angar-hela-varden\/#primaryimage","url":"https:\/\/www.kirkonulkomaanapu.fi\/wp-content\/uploads\/2025\/05\/tekoja-2025-2-analyysi-hero-16-9.jpg","contentUrl":"https:\/\/www.kirkonulkomaanapu.fi\/wp-content\/uploads\/2025\/05\/tekoja-2025-2-analyysi-hero-16-9.jpg","width":1920,"height":1080,"caption":"Illustration by Julia Tavast"},{"@type":"BreadcrumbList","@id":"https:\/\/www.kirkonulkomaanapu.fi\/sv\/ajankohtaista\/artikkelit\/en-katastrof-som-angar-hela-varden\/#breadcrumb","itemListElement":[{"@type":"ListItem","position":1,"name":"Home","item":"https:\/\/www.kirkonulkomaanapu.fi\/sv\/"},{"@type":"ListItem","position":2,"name":"Artikkelit","item":"https:\/\/www.kirkonulkomaanapu.fi\/ajankohtaista\/artikkelit\/"},{"@type":"ListItem","position":3,"name":"En katastrof som ang\u00e5r hela v\u00e4rden"}]},{"@type":"WebSite","@id":"https:\/\/www.kirkonulkomaanapu.fi\/#website","url":"https:\/\/www.kirkonulkomaanapu.fi\/","name":"Kirkon Ulkomaanapu","description":"Suomen suurin kehitysyhteisty\u00f6j\u00e4rjest\u00f6","publisher":{"@id":"https:\/\/www.kirkonulkomaanapu.fi\/#organization"},"alternateName":"KUA","potentialAction":[{"@type":"SearchAction","target":{"@type":"EntryPoint","urlTemplate":"https:\/\/www.kirkonulkomaanapu.fi\/?s={search_term_string}"},"query-input":{"@type":"PropertyValueSpecification","valueRequired":true,"valueName":"search_term_string"}}],"inLanguage":"sv-SE"},{"@type":"Organization","@id":"https:\/\/www.kirkonulkomaanapu.fi\/#organization","name":"Kirkon Ulkomaanapu","alternateName":"KUA","url":"https:\/\/www.kirkonulkomaanapu.fi\/","logo":{"@type":"ImageObject","inLanguage":"sv-SE","@id":"https:\/\/www.kirkonulkomaanapu.fi\/#\/schema\/logo\/image\/","url":"https:\/\/www.kirkonulkomaanapu.fi\/wp-content\/uploads\/2026\/02\/Kirkon-ulkomaanapu-logo-1.png","contentUrl":"https:\/\/www.kirkonulkomaanapu.fi\/wp-content\/uploads\/2026\/02\/Kirkon-ulkomaanapu-logo-1.png","width":225,"height":225,"caption":"Kirkon Ulkomaanapu"},"image":{"@id":"https:\/\/www.kirkonulkomaanapu.fi\/#\/schema\/logo\/image\/"},"sameAs":["https:\/\/www.facebook.com\/Ulkomaanapu\/","https:\/\/www.youtube.com\/user\/kirkonulkomaanapu","https:\/\/instagram.com\/kirkon_ulkomaanapu\/","https:\/\/www.linkedin.com\/company\/finn-church-aid\/"]},{"@type":"Person","@id":"https:\/\/www.kirkonulkomaanapu.fi\/#\/schema\/person\/5663b5840cea4cca31499db72dc4dded","name":"Anne Ronkainen","image":{"@type":"ImageObject","inLanguage":"sv-SE","@id":"https:\/\/www.kirkonulkomaanapu.fi\/#\/schema\/person\/image\/","url":"https:\/\/secure.gravatar.com\/avatar\/f101c0781a998182d6d024ff2746c04ad3f49fee1d521bb355106193f29aa86e?s=96&d=mm&r=g","contentUrl":"https:\/\/secure.gravatar.com\/avatar\/f101c0781a998182d6d024ff2746c04ad3f49fee1d521bb355106193f29aa86e?s=96&d=mm&r=g","caption":"Anne Ronkainen"}}]}},"_links":{"self":[{"href":"https:\/\/www.kirkonulkomaanapu.fi\/sv\/wp-json\/wp\/v2\/article\/154846","targetHints":{"allow":["GET"]}}],"collection":[{"href":"https:\/\/www.kirkonulkomaanapu.fi\/sv\/wp-json\/wp\/v2\/article"}],"about":[{"href":"https:\/\/www.kirkonulkomaanapu.fi\/sv\/wp-json\/wp\/v2\/types\/artikkelit"}],"author":[{"embeddable":true,"href":"https:\/\/www.kirkonulkomaanapu.fi\/sv\/wp-json\/wp\/v2\/users\/101"}],"version-history":[{"count":2,"href":"https:\/\/www.kirkonulkomaanapu.fi\/sv\/wp-json\/wp\/v2\/article\/154846\/revisions"}],"predecessor-version":[{"id":154852,"href":"https:\/\/www.kirkonulkomaanapu.fi\/sv\/wp-json\/wp\/v2\/article\/154846\/revisions\/154852"}],"wp:featuredmedia":[{"embeddable":true,"href":"https:\/\/www.kirkonulkomaanapu.fi\/sv\/wp-json\/wp\/v2\/media\/154515"}],"wp:attachment":[{"href":"https:\/\/www.kirkonulkomaanapu.fi\/sv\/wp-json\/wp\/v2\/media?parent=154846"}],"wp:term":[{"taxonomy":"category","embeddable":true,"href":"https:\/\/www.kirkonulkomaanapu.fi\/sv\/wp-json\/wp\/v2\/categories?post=154846"},{"taxonomy":"countries","embeddable":true,"href":"https:\/\/www.kirkonulkomaanapu.fi\/sv\/wp-json\/wp\/v2\/countries?post=154846"},{"taxonomy":"article_themes","embeddable":true,"href":"https:\/\/www.kirkonulkomaanapu.fi\/sv\/wp-json\/wp\/v2\/article_themes?post=154846"}],"curies":[{"name":"wp","href":"https:\/\/api.w.org\/{rel}","templated":true}]}}