{"id":152540,"date":"2025-02-04T12:37:59","date_gmt":"2025-02-04T10:37:59","guid":{"rendered":"https:\/\/www.kirkonulkomaanapu.fi\/?post_type=artikkelit&#038;p=152540"},"modified":"2025-02-12T13:53:47","modified_gmt":"2025-02-12T11:53:47","slug":"i-kriget-kretsar-oron-och-hoppet-kring-barnen","status":"publish","type":"artikkelit","link":"https:\/\/www.kirkonulkomaanapu.fi\/sv\/aktuellt\/artiklar\/i-kriget-kretsar-oron-och-hoppet-kring-barnen\/","title":{"rendered":"I kriget kretsar oron och hoppet kring barnen"},"content":{"rendered":"\n\n\n<div class=\"block-hero full-width id-block\" style=\"background-image: url('https:\/\/www.kirkonulkomaanapu.fi\/wp-content\/uploads\/2025\/01\/paivakoti-4.jpg');\">\n\n\t<div class=\"bg-mobile\" style=\"background-image: url('https:\/\/www.kirkonulkomaanapu.fi\/wp-content\/uploads\/2025\/01\/paivakoti-4-1024x683.jpg');\"><\/div>\n\n\t\n\t<div class=\"curtain\"><\/div>\n\n\t<div class=\"container\">\n\t\t<div class=\"row\">\n\t\t\t<div class=\"col\">\n\t\t\t\t<div class=\"inner-blocks entry-content\">\n\t\t\t\t\t\t\t\t\t\t\t\n\n<h1 class=\"wp-block-heading\"><\/h1>\n\n\n\t\t\t\t\t\t\t\t\t<\/div>\n\t\t\t<\/div>\n\t\t<\/div>\n\t<\/div>\n<\/div>\n\n\n\n\n\n\n\n\n<h1 class=\"wp-block-heading\">I kriget kretsar oron och hoppet kring barnen<\/h1>\n\n\n\n<p class=\"is-style-ingress\">I dagisverksamheten finner f\u00f6r\u00e4ldrar och barntr\u00e4dg\u00e5rdsl\u00e4rare i Ukraina s\u00e5 v\u00e4l en stunds ro som ett djupare syfte mitt i kriget.<\/p>\n\n\n\n<p>Text: Erik Nystr\u00f6m<br>Foto: Antti Yrj\u00f6nen<\/p>\n\n\n\n<p><strong>\u201dDET K\u00c4NNS<\/strong> som en f\u00e4rdigblivningsfest \u2013 nerv\u00f6st men glatt\u201d, s\u00e4ger <strong>Nataliya Hodun<\/strong> med ett brett leende. Hennes fyra\u00e5riga dotter <strong>Anna<\/strong> kl\u00e4r av sig ytterkl\u00e4derna och springer f\u00f6r att gr\u00e4va i lekl\u00e5dorna. Kyrkans Utlandshj\u00e4lp har utrustat dagiset med spel och leksaker.&nbsp;<\/p>\n\n\n\n<p>Tre\u00e5riga <strong>Polina<\/strong> kl\u00e4mmer bet\u00e4nksamt p\u00e5 sin mjukisfisk Nemo. Det \u00e4r drygt fyra m\u00e5nader sedan de andra barnen tr\u00e4ffats utanf\u00f6r smarttelefonens sk\u00e4rm, men f\u00f6r Polina \u00e4r det f\u00f6rsta g\u00e5ngen i verkliga livet. Hon betraktar Anna och det tiotal barn som nu leker.&nbsp;<\/p>\n\n\n\n<p>Daghemmet i Petrivka ligger n\u00e5gra timmars bilresa fr\u00e5n hamnstaden Odessa. KUA renoverar dagiset bombskydd f\u00f6r att verksamheten ska kunna forts\u00e4tta normalt i byggnaden. Idag \u00e4r de h\u00e4r f\u00f6r att de kan g\u00e5 till den n\u00e4rliggande skolans om de m\u00e5ste.&nbsp;<\/p>\n\n\n\n<p>Enligt Nataliya har ocks\u00e5 online-verksamheten varit bra. Dagispersonalen producerar dagligen videor med uppgifter och lekar, och barnen \u00e4lskar att se vad de andra skapar.&nbsp;&nbsp;<\/p>\n\n\n<div class=\"wp-block-image\">\n<figure class=\"alignright size-medium\"><img loading=\"lazy\" decoding=\"async\" width=\"320\" height=\"480\" src=\"https:\/\/www.kirkonulkomaanapu.fi\/wp-content\/uploads\/2025\/02\/rehtori-1-320x480.jpg\" alt=\"En kvinna.\" class=\"wp-image-152755\" srcset=\"https:\/\/www.kirkonulkomaanapu.fi\/wp-content\/uploads\/2025\/02\/rehtori-1-320x480.jpg 320w, https:\/\/www.kirkonulkomaanapu.fi\/wp-content\/uploads\/2025\/02\/rehtori-1-683x1024.jpg 683w, https:\/\/www.kirkonulkomaanapu.fi\/wp-content\/uploads\/2025\/02\/rehtori-1-768x1152.jpg 768w, https:\/\/www.kirkonulkomaanapu.fi\/wp-content\/uploads\/2025\/02\/rehtori-1-1024x1536.jpg 1024w, https:\/\/www.kirkonulkomaanapu.fi\/wp-content\/uploads\/2025\/02\/rehtori-1-119x178.jpg 119w, https:\/\/www.kirkonulkomaanapu.fi\/wp-content\/uploads\/2025\/02\/rehtori-1.jpg 1080w\" sizes=\"auto, (max-width: 320px) 100vw, 320px\" \/><figcaption class=\"wp-element-caption\">Daghemsf\u00f6rest\u00e5ndare Nataliia Chulyk ser sitt dagis som en stor familj d\u00e4r b\u00e5de f\u00f6r\u00e4ldrar och barn finner trygghet.<\/figcaption><\/figure>\n<\/div>\n\n\n<p>\u201dMen det inte samma sak att pyssla med sina f\u00f6r\u00e4ldrar som med l\u00e4rarna och de andra barnen\u201d, s\u00e4ger Hodun.&nbsp;<\/p>\n\n\n\n<p><strong>KRIGET HAR INTE<\/strong> f\u00f6rt med sig n\u00e5gra goda nyheter sedan Ukraina \u00e5tertog en del av de ryskockuperade omr\u00e5dena under det f\u00f6rsta krigs\u00e5ret. I brist p\u00e5 hopp om b\u00e4ttre tider finner de som \u00e4r f\u00f6r\u00e4ldrar eller l\u00e4rare mening i vad de kan g\u00f6ra f\u00f6r barn och unga.&nbsp;<\/p>\n\n\n\n<p>Barntr\u00e4dg\u00e5rdsl\u00e4raryrket \u00e4r ett kall som n\u00e5tt nya sf\u00e4rer. Det m\u00e4rker man p\u00e5 diverse daghem runtom Ukraina d\u00e4r personalen jobbat p\u00e5 samma daghem i tiotals \u00e5r.&nbsp;&nbsp;<\/p>\n\n\n\n<p><strong>Nataliia Chulyk<\/strong> har jobbat i 33 \u00e5r och praktiskt taget tillbringat hela sitt liv p\u00e5 dagiset i staden Podilsk, ocks\u00e5 n\u00e5gra timmars bilresa fr\u00e5n Odessa. Chulyk ber\u00e4ttar med v\u00e4rme hur hennes b\u00e4sta v\u00e4n p\u00e5 dagiset sedermera blev hennes man. Bland annat d\u00e4rf\u00f6r ser hon dagiset som en enda stor familj och driver verksamheten lika samvetsgrant.&nbsp;<\/p>\n\n\n\n<p>\u201dDet h\u00e4r dagiset \u00e4r mitt liv. Alla mina tankar g\u00e5r till trivsamheten h\u00e4r, ber\u00e4ttar hon.&nbsp;<\/p>\n\n\n\n<p>F\u00f6r\u00e4ldrarna till barnen synnerligen involverade i verksamheten. Bombskyddet inreddes redan i b\u00f6rjan av kriget, och barnen, personalen och f\u00f6r\u00e4ldrarna firar alla h\u00f6gtider och f\u00f6delsedagar tillsammans. Det \u00e4r inte bara en trygghet f\u00f6r barnen \u2013 de vuxna f\u00e5r sig ocks\u00e5 ett avbrott fr\u00e5n dystra tankar.&nbsp;<\/p>\n\n\n\n<p>\u201dAlla h\u00e4r upplever ett djupare syfte: vi kan p\u00e5verka barnens v\u00e4lm\u00e5ende\u201d, s\u00e4ger Chulyk.&nbsp;<\/p>\n\n\n\n<p><strong>I PETRIVKA HAR<\/strong> det inte ens g\u00e5tt en timme sen barnens \u00e5terf\u00f6rening n\u00e4r den bekanta sirenen ljuder fr\u00e5n de vuxnas mobilapplikationer. Lekarna avbryts och de vuxna kl\u00e4r lugnt p\u00e5 barnen f\u00f6r att ta dem i s\u00e4kerhet.&nbsp;<\/p>\n\n\n\n<p>V\u00e4l ute p\u00e5 g\u00e5rden inhiberas luftlarmet. Det \u00e4r v\u00e4ldigt mycket fram och tillbaka med sirenerna f\u00f6rklarar Hodun medan hon l\u00e5ter Anna springa till dagisg\u00e5rdens rutschbana.&nbsp;<\/p>\n\n\n\n<figure class=\"wp-block-image size-large\"><img loading=\"lazy\" decoding=\"async\" width=\"1024\" height=\"683\" src=\"https:\/\/www.kirkonulkomaanapu.fi\/wp-content\/uploads\/2025\/02\/paivakoti-1-1024x683.jpg\" alt=\"En kvinna hj\u00e4lper ett barn att komma ner fr\u00e5n en plattform p\u00e5 en lekplats. P\u00e5 bilden syns ocks\u00e5 ett annat barn som sitter p\u00e5 kanten av plattformen. \" class=\"wp-image-152759\" srcset=\"https:\/\/www.kirkonulkomaanapu.fi\/wp-content\/uploads\/2025\/02\/paivakoti-1-1024x683.jpg 1024w, https:\/\/www.kirkonulkomaanapu.fi\/wp-content\/uploads\/2025\/02\/paivakoti-1-480x320.jpg 480w, https:\/\/www.kirkonulkomaanapu.fi\/wp-content\/uploads\/2025\/02\/paivakoti-1-768x512.jpg 768w, https:\/\/www.kirkonulkomaanapu.fi\/wp-content\/uploads\/2025\/02\/paivakoti-1-1536x1024.jpg 1536w, https:\/\/www.kirkonulkomaanapu.fi\/wp-content\/uploads\/2025\/02\/paivakoti-1-267x178.jpg 267w, https:\/\/www.kirkonulkomaanapu.fi\/wp-content\/uploads\/2025\/02\/paivakoti-1.jpg 1920w\" sizes=\"auto, (max-width: 1024px) 100vw, 1024px\" \/><figcaption class=\"wp-element-caption\">Nataliya Hodun och hennes dotter Anna \u00e4r storm- f\u00f6rtjusta i den lilla lekparken i Petrivka.<\/figcaption><\/figure>\n\n\n\n<p>Barnen \u00e5terspeglar tyv\u00e4rr ocks\u00e5 sp\u00e5ren av tre \u00e5r av krig. Hodun ber\u00e4ttar att de bor n\u00e4ra en j\u00e4rnv\u00e4g, och n\u00e4r t\u00e5gen bullrar f\u00f6rbi fr\u00e5gar Anna ofta ifall det var d\u00e5net av en missil.&nbsp;<\/p>\n\n\n\n<p>\u201dH\u00e4r i veckan kretsade Annas lekar kring ett gult hus som tr\u00e4ffats av en raket, n\u00e5got hon snappat upp fr\u00e5n nyheterna. Barnen processar det de h\u00f6r i sina lekar\u201d, s\u00e4ger Hodun.&nbsp;<\/p>\n\n\n\n<p>V\u00e4l utomhus pallrar Polina efter Anna och de andra barnen. De f\u00e5r leka ett tag innan mamma <strong>Marina Yanchukova<\/strong> plockar upp Polina f\u00f6r att f\u00f6ra henne hem och \u00e4ta.&nbsp;<\/p>\n\n\n\n<p>Jag fr\u00e5gar om Polina t\u00e4nker komma hit igen. Hon nickar blygt och viskar i mammas \u00f6ra.&nbsp;<\/p>\n\n\n\n<p>\u201dHon blev f\u00f6rtjust i hur mycket fler leksaker h\u00e4r finns \u00e4n hemma\u201d, s\u00e4ger Yanchukova.<\/p>\n\n\n\n\n<div class=\"block-title-and-content full-width id-block has-bg\">\n\t<div class=\"container-lg\">\n\t\t<div class=\"row justify-content-center\">\n\t\t\t<div class=\"col col-12 col-lg-6\">\n\t\t\t\t<div class=\"entry-content\">\n\t\t\t\t\t<h2 class=\"block-title\">Hj\u00e4lp Ukrainas barn<\/h2>\n\t\t\t\t<\/div>\n\t\t\t<\/div>\n\t\t\t<div class=\"col col-12 col-lg-6\">\n\t\t\t\t<div class=\"inner-blocks entry-content\">\n\t\t\t\t\t\n\n<ul class=\"wp-block-list\">\n<li>Donera via MobilePay till\u00a0<strong>17110<\/strong><\/li>\n\n\n\n<li>Donera till OP-konto\u00a0<strong>FI33 5000 0120 4965 25<\/strong>, referensnummer\u00a0<strong>2943<\/strong><\/li>\n<\/ul>\n\n\n\n<div class=\"wp-block-buttons is-layout-flex wp-block-buttons-is-layout-flex\">\n<div class=\"wp-block-button is-style-red\"><a class=\"wp-block-button__link wp-element-button\" href=\"https:\/\/www.kirkonulkomaanapu.fi\/sv\/akutinsamling\/kriget-i-ukraina\/\">Donera p\u00e5 n\u00e4tet<\/a><\/div>\n<\/div>\n\n\n\t\t\t\t<\/div>\n\t\t\t<\/div>\n\t\t<\/div>\n\t<\/div>\t\n<\/div>\n","protected":false},"excerpt":{"rendered":"<p>I kriget kretsar oron och hoppet kring barnen I dagisverksamheten finner f\u00f6r\u00e4ldrar och barntr\u00e4dg\u00e5rdsl\u00e4rare i Ukraina s\u00e5 v\u00e4l en stunds ro som ett djupare syfte mitt i kriget. Text: Erik Nystr\u00f6mFoto: Antti Yrj\u00f6nen \u201dDET K\u00c4NNS som en f\u00e4rdigblivningsfest \u2013 nerv\u00f6st men glatt\u201d, s\u00e4ger Nataliya Hodun med ett brett leende. Hennes fyra\u00e5riga dotter Anna kl\u00e4r av [&hellip;]<\/p>\n","protected":false},"author":137,"featured_media":152749,"menu_order":0,"template":"","meta":{"_acf_changed":false,"_relevanssi_hide_post":"","_relevanssi_hide_content":"","_relevanssi_pin_for_all":"","_relevanssi_pin_keywords":"","_relevanssi_unpin_keywords":"","_relevanssi_related_keywords":"","_relevanssi_related_include_ids":"","_relevanssi_related_exclude_ids":"","_relevanssi_related_no_append":"","_relevanssi_related_not_related":"","_relevanssi_related_posts":"132218,121424,89500,108131,143476,148114","_relevanssi_noindex_reason":"","_improvement_type_select":"improve_an_existing","_thumb_yes_seoaic":false,"_frame_yes_seoaic":false,"seoaic_generate_description":"","seoaic_improve_instructions_prompt":"","seoaic_rollback_content_improvement":"","seoaic_idea_thumbnail_generator":"","thumbnail_generated":false,"thumbnail_generate_prompt":"","seoaic_article_description":"","footnotes":""},"categories":[130,157,911],"countries":[901],"article_themes":[450],"class_list":["post-152540","artikkelit","type-artikkelit","status-publish","has-post-thumbnail","hentry","category-utbildning","category-humanitart-bistand","category-tekoja","countries-ukraina-4","article_themes-utbildning-i-katastrofsituationer"],"acf":[],"yoast_head":"<!-- This site is optimized with the Yoast SEO plugin v26.9 - https:\/\/yoast.com\/product\/yoast-seo-wordpress\/ -->\n<title>I kriget kretsar oron och hoppet kring barnen - Kyrkans Utlandshj\u00e4lp<\/title>\n<meta name=\"description\" content=\"I dagisverksamheten finner f\u00f6r\u00e4ldrar och barntr\u00e4dg\u00e5rdsl\u00e4rare i Ukraina s\u00e5 v\u00e4l en stunds ro som ett djupare syfte mitt i kriget.\" \/>\n<meta name=\"robots\" content=\"index, follow, max-snippet:-1, max-image-preview:large, max-video-preview:-1\" \/>\n<link rel=\"canonical\" href=\"https:\/\/www.kirkonulkomaanapu.fi\/sv\/aktuellt\/artiklar\/i-kriget-kretsar-oron-och-hoppet-kring-barnen\/\" \/>\n<meta property=\"og:locale\" content=\"sv_SE\" \/>\n<meta property=\"og:type\" content=\"article\" \/>\n<meta property=\"og:title\" content=\"I kriget kretsar oron och hoppet kring barnen - Kyrkans Utlandshj\u00e4lp\" \/>\n<meta property=\"og:description\" content=\"I dagisverksamheten finner f\u00f6r\u00e4ldrar och barntr\u00e4dg\u00e5rdsl\u00e4rare i Ukraina s\u00e5 v\u00e4l en stunds ro som ett djupare syfte mitt i kriget.\" \/>\n<meta property=\"og:url\" content=\"https:\/\/www.kirkonulkomaanapu.fi\/sv\/aktuellt\/artiklar\/i-kriget-kretsar-oron-och-hoppet-kring-barnen\/\" \/>\n<meta property=\"og:site_name\" content=\"Kyrkans Utlandshj\u00e4lp\" \/>\n<meta property=\"article:publisher\" content=\"https:\/\/www.facebook.com\/Ulkomaanapu\/\" \/>\n<meta property=\"article:modified_time\" content=\"2025-02-12T11:53:47+00:00\" \/>\n<meta property=\"og:image\" content=\"https:\/\/www.kirkonulkomaanapu.fi\/wp-content\/uploads\/2025\/01\/paivakoti-4.jpg\" \/>\n\t<meta property=\"og:image:width\" content=\"1920\" \/>\n\t<meta property=\"og:image:height\" content=\"1280\" \/>\n\t<meta property=\"og:image:type\" content=\"image\/jpeg\" \/>\n<meta name=\"twitter:label1\" content=\"Ber\u00e4knad l\u00e4stid\" \/>\n\t<meta name=\"twitter:data1\" content=\"5 minuter\" \/>\n<script type=\"application\/ld+json\" class=\"yoast-schema-graph\">{\"@context\":\"https:\/\/schema.org\",\"@graph\":[{\"@type\":\"Article\",\"@id\":\"https:\/\/www.kirkonulkomaanapu.fi\/sv\/aktuellt\/artiklar\/i-kriget-kretsar-oron-och-hoppet-kring-barnen\/#article\",\"isPartOf\":{\"@id\":\"https:\/\/www.kirkonulkomaanapu.fi\/sv\/aktuellt\/artiklar\/i-kriget-kretsar-oron-och-hoppet-kring-barnen\/\"},\"author\":{\"name\":\"Elisa Rimaila\",\"@id\":\"https:\/\/www.kirkonulkomaanapu.fi\/#\/schema\/person\/31b6ed048d3e1da75eef07bb24058320\"},\"headline\":\"I kriget kretsar oron och hoppet kring barnen\",\"datePublished\":\"2025-02-04T10:37:59+00:00\",\"dateModified\":\"2025-02-12T11:53:47+00:00\",\"mainEntityOfPage\":{\"@id\":\"https:\/\/www.kirkonulkomaanapu.fi\/sv\/aktuellt\/artiklar\/i-kriget-kretsar-oron-och-hoppet-kring-barnen\/\"},\"wordCount\":779,\"publisher\":{\"@id\":\"https:\/\/www.kirkonulkomaanapu.fi\/#organization\"},\"image\":{\"@id\":\"https:\/\/www.kirkonulkomaanapu.fi\/sv\/aktuellt\/artiklar\/i-kriget-kretsar-oron-och-hoppet-kring-barnen\/#primaryimage\"},\"thumbnailUrl\":\"https:\/\/www.kirkonulkomaanapu.fi\/wp-content\/uploads\/2025\/01\/paivakoti-4.jpg\",\"articleSection\":[\"Utbildning\",\"Humanitart bistand\",\"TEKOJA\"],\"inLanguage\":\"sv-SE\"},{\"@type\":\"WebPage\",\"@id\":\"https:\/\/www.kirkonulkomaanapu.fi\/sv\/aktuellt\/artiklar\/i-kriget-kretsar-oron-och-hoppet-kring-barnen\/\",\"url\":\"https:\/\/www.kirkonulkomaanapu.fi\/sv\/aktuellt\/artiklar\/i-kriget-kretsar-oron-och-hoppet-kring-barnen\/\",\"name\":\"I kriget kretsar oron och hoppet kring barnen - Kyrkans Utlandshj\u00e4lp\",\"isPartOf\":{\"@id\":\"https:\/\/www.kirkonulkomaanapu.fi\/#website\"},\"primaryImageOfPage\":{\"@id\":\"https:\/\/www.kirkonulkomaanapu.fi\/sv\/aktuellt\/artiklar\/i-kriget-kretsar-oron-och-hoppet-kring-barnen\/#primaryimage\"},\"image\":{\"@id\":\"https:\/\/www.kirkonulkomaanapu.fi\/sv\/aktuellt\/artiklar\/i-kriget-kretsar-oron-och-hoppet-kring-barnen\/#primaryimage\"},\"thumbnailUrl\":\"https:\/\/www.kirkonulkomaanapu.fi\/wp-content\/uploads\/2025\/01\/paivakoti-4.jpg\",\"datePublished\":\"2025-02-04T10:37:59+00:00\",\"dateModified\":\"2025-02-12T11:53:47+00:00\",\"description\":\"I dagisverksamheten finner f\u00f6r\u00e4ldrar och barntr\u00e4dg\u00e5rdsl\u00e4rare i Ukraina s\u00e5 v\u00e4l en stunds ro som ett djupare syfte mitt i kriget.\",\"breadcrumb\":{\"@id\":\"https:\/\/www.kirkonulkomaanapu.fi\/sv\/aktuellt\/artiklar\/i-kriget-kretsar-oron-och-hoppet-kring-barnen\/#breadcrumb\"},\"inLanguage\":\"sv-SE\",\"potentialAction\":[{\"@type\":\"ReadAction\",\"target\":[\"https:\/\/www.kirkonulkomaanapu.fi\/sv\/aktuellt\/artiklar\/i-kriget-kretsar-oron-och-hoppet-kring-barnen\/\"]}]},{\"@type\":\"ImageObject\",\"inLanguage\":\"sv-SE\",\"@id\":\"https:\/\/www.kirkonulkomaanapu.fi\/sv\/aktuellt\/artiklar\/i-kriget-kretsar-oron-och-hoppet-kring-barnen\/#primaryimage\",\"url\":\"https:\/\/www.kirkonulkomaanapu.fi\/wp-content\/uploads\/2025\/01\/paivakoti-4.jpg\",\"contentUrl\":\"https:\/\/www.kirkonulkomaanapu.fi\/wp-content\/uploads\/2025\/01\/paivakoti-4.jpg\",\"width\":1920,\"height\":1280,\"caption\":\"Tre\u00e5riga Polina, h\u00e4r i famnen p\u00e5 mamma Marina Yanchukova, tr\u00e4ffar de andra barnen f\u00f6r f\u00f6rsta g\u00e5ngen. FOTO: Antti Yrj\u00f6nen \/ KUA\"},{\"@type\":\"BreadcrumbList\",\"@id\":\"https:\/\/www.kirkonulkomaanapu.fi\/sv\/aktuellt\/artiklar\/i-kriget-kretsar-oron-och-hoppet-kring-barnen\/#breadcrumb\",\"itemListElement\":[{\"@type\":\"ListItem\",\"position\":1,\"name\":\"Home\",\"item\":\"https:\/\/www.kirkonulkomaanapu.fi\/sv\/\"},{\"@type\":\"ListItem\",\"position\":2,\"name\":\"Artikkelit\",\"item\":\"https:\/\/www.kirkonulkomaanapu.fi\/ajankohtaista\/artikkelit\/\"},{\"@type\":\"ListItem\",\"position\":3,\"name\":\"I kriget kretsar oron och hoppet kring barnen\"}]},{\"@type\":\"WebSite\",\"@id\":\"https:\/\/www.kirkonulkomaanapu.fi\/#website\",\"url\":\"https:\/\/www.kirkonulkomaanapu.fi\/\",\"name\":\"Kirkon Ulkomaanapu\",\"description\":\"Suomen suurin kehitysyhteisty\u00f6j\u00e4rjest\u00f6\",\"publisher\":{\"@id\":\"https:\/\/www.kirkonulkomaanapu.fi\/#organization\"},\"alternateName\":\"KUA\",\"potentialAction\":[{\"@type\":\"SearchAction\",\"target\":{\"@type\":\"EntryPoint\",\"urlTemplate\":\"https:\/\/www.kirkonulkomaanapu.fi\/?s={search_term_string}\"},\"query-input\":{\"@type\":\"PropertyValueSpecification\",\"valueRequired\":true,\"valueName\":\"search_term_string\"}}],\"inLanguage\":\"sv-SE\"},{\"@type\":\"Organization\",\"@id\":\"https:\/\/www.kirkonulkomaanapu.fi\/#organization\",\"name\":\"Kirkon Ulkomaanapu\",\"alternateName\":\"KUA\",\"url\":\"https:\/\/www.kirkonulkomaanapu.fi\/\",\"logo\":{\"@type\":\"ImageObject\",\"inLanguage\":\"sv-SE\",\"@id\":\"https:\/\/www.kirkonulkomaanapu.fi\/#\/schema\/logo\/image\/\",\"url\":\"https:\/\/www.kirkonulkomaanapu.fi\/wp-content\/uploads\/2026\/02\/Kirkon-ulkomaanapu-logo-1.png\",\"contentUrl\":\"https:\/\/www.kirkonulkomaanapu.fi\/wp-content\/uploads\/2026\/02\/Kirkon-ulkomaanapu-logo-1.png\",\"width\":225,\"height\":225,\"caption\":\"Kirkon Ulkomaanapu\"},\"image\":{\"@id\":\"https:\/\/www.kirkonulkomaanapu.fi\/#\/schema\/logo\/image\/\"},\"sameAs\":[\"https:\/\/www.facebook.com\/Ulkomaanapu\/\",\"https:\/\/www.youtube.com\/user\/kirkonulkomaanapu\",\"https:\/\/instagram.com\/kirkon_ulkomaanapu\/\",\"https:\/\/www.linkedin.com\/company\/finn-church-aid\/\"]},{\"@type\":\"Person\",\"@id\":\"https:\/\/www.kirkonulkomaanapu.fi\/#\/schema\/person\/31b6ed048d3e1da75eef07bb24058320\",\"name\":\"Elisa Rimaila\",\"image\":{\"@type\":\"ImageObject\",\"inLanguage\":\"sv-SE\",\"@id\":\"https:\/\/www.kirkonulkomaanapu.fi\/#\/schema\/person\/image\/\",\"url\":\"https:\/\/secure.gravatar.com\/avatar\/65ca568d6d123ad5727bf3200db62d9e5200bc8a231cc30afe80ca1a344613e2?s=96&d=mm&r=g\",\"contentUrl\":\"https:\/\/secure.gravatar.com\/avatar\/65ca568d6d123ad5727bf3200db62d9e5200bc8a231cc30afe80ca1a344613e2?s=96&d=mm&r=g\",\"caption\":\"Elisa Rimaila\"},\"description\":\"Viestinn\u00e4n asiantuntija, Digital communications specialist\"}]}<\/script>\n<!-- \/ Yoast SEO plugin. -->","yoast_head_json":{"title":"I kriget kretsar oron och hoppet kring barnen - Kyrkans Utlandshj\u00e4lp","description":"I dagisverksamheten finner f\u00f6r\u00e4ldrar och barntr\u00e4dg\u00e5rdsl\u00e4rare i Ukraina s\u00e5 v\u00e4l en stunds ro som ett djupare syfte mitt i kriget.","robots":{"index":"index","follow":"follow","max-snippet":"max-snippet:-1","max-image-preview":"max-image-preview:large","max-video-preview":"max-video-preview:-1"},"canonical":"https:\/\/www.kirkonulkomaanapu.fi\/sv\/aktuellt\/artiklar\/i-kriget-kretsar-oron-och-hoppet-kring-barnen\/","og_locale":"sv_SE","og_type":"article","og_title":"I kriget kretsar oron och hoppet kring barnen - Kyrkans Utlandshj\u00e4lp","og_description":"I dagisverksamheten finner f\u00f6r\u00e4ldrar och barntr\u00e4dg\u00e5rdsl\u00e4rare i Ukraina s\u00e5 v\u00e4l en stunds ro som ett djupare syfte mitt i kriget.","og_url":"https:\/\/www.kirkonulkomaanapu.fi\/sv\/aktuellt\/artiklar\/i-kriget-kretsar-oron-och-hoppet-kring-barnen\/","og_site_name":"Kyrkans Utlandshj\u00e4lp","article_publisher":"https:\/\/www.facebook.com\/Ulkomaanapu\/","article_modified_time":"2025-02-12T11:53:47+00:00","og_image":[{"width":1920,"height":1280,"url":"https:\/\/www.kirkonulkomaanapu.fi\/wp-content\/uploads\/2025\/01\/paivakoti-4.jpg","type":"image\/jpeg"}],"twitter_misc":{"Ber\u00e4knad l\u00e4stid":"5 minuter"},"schema":{"@context":"https:\/\/schema.org","@graph":[{"@type":"Article","@id":"https:\/\/www.kirkonulkomaanapu.fi\/sv\/aktuellt\/artiklar\/i-kriget-kretsar-oron-och-hoppet-kring-barnen\/#article","isPartOf":{"@id":"https:\/\/www.kirkonulkomaanapu.fi\/sv\/aktuellt\/artiklar\/i-kriget-kretsar-oron-och-hoppet-kring-barnen\/"},"author":{"name":"Elisa Rimaila","@id":"https:\/\/www.kirkonulkomaanapu.fi\/#\/schema\/person\/31b6ed048d3e1da75eef07bb24058320"},"headline":"I kriget kretsar oron och hoppet kring barnen","datePublished":"2025-02-04T10:37:59+00:00","dateModified":"2025-02-12T11:53:47+00:00","mainEntityOfPage":{"@id":"https:\/\/www.kirkonulkomaanapu.fi\/sv\/aktuellt\/artiklar\/i-kriget-kretsar-oron-och-hoppet-kring-barnen\/"},"wordCount":779,"publisher":{"@id":"https:\/\/www.kirkonulkomaanapu.fi\/#organization"},"image":{"@id":"https:\/\/www.kirkonulkomaanapu.fi\/sv\/aktuellt\/artiklar\/i-kriget-kretsar-oron-och-hoppet-kring-barnen\/#primaryimage"},"thumbnailUrl":"https:\/\/www.kirkonulkomaanapu.fi\/wp-content\/uploads\/2025\/01\/paivakoti-4.jpg","articleSection":["Utbildning","Humanitart bistand","TEKOJA"],"inLanguage":"sv-SE"},{"@type":"WebPage","@id":"https:\/\/www.kirkonulkomaanapu.fi\/sv\/aktuellt\/artiklar\/i-kriget-kretsar-oron-och-hoppet-kring-barnen\/","url":"https:\/\/www.kirkonulkomaanapu.fi\/sv\/aktuellt\/artiklar\/i-kriget-kretsar-oron-och-hoppet-kring-barnen\/","name":"I kriget kretsar oron och hoppet kring barnen - Kyrkans Utlandshj\u00e4lp","isPartOf":{"@id":"https:\/\/www.kirkonulkomaanapu.fi\/#website"},"primaryImageOfPage":{"@id":"https:\/\/www.kirkonulkomaanapu.fi\/sv\/aktuellt\/artiklar\/i-kriget-kretsar-oron-och-hoppet-kring-barnen\/#primaryimage"},"image":{"@id":"https:\/\/www.kirkonulkomaanapu.fi\/sv\/aktuellt\/artiklar\/i-kriget-kretsar-oron-och-hoppet-kring-barnen\/#primaryimage"},"thumbnailUrl":"https:\/\/www.kirkonulkomaanapu.fi\/wp-content\/uploads\/2025\/01\/paivakoti-4.jpg","datePublished":"2025-02-04T10:37:59+00:00","dateModified":"2025-02-12T11:53:47+00:00","description":"I dagisverksamheten finner f\u00f6r\u00e4ldrar och barntr\u00e4dg\u00e5rdsl\u00e4rare i Ukraina s\u00e5 v\u00e4l en stunds ro som ett djupare syfte mitt i kriget.","breadcrumb":{"@id":"https:\/\/www.kirkonulkomaanapu.fi\/sv\/aktuellt\/artiklar\/i-kriget-kretsar-oron-och-hoppet-kring-barnen\/#breadcrumb"},"inLanguage":"sv-SE","potentialAction":[{"@type":"ReadAction","target":["https:\/\/www.kirkonulkomaanapu.fi\/sv\/aktuellt\/artiklar\/i-kriget-kretsar-oron-och-hoppet-kring-barnen\/"]}]},{"@type":"ImageObject","inLanguage":"sv-SE","@id":"https:\/\/www.kirkonulkomaanapu.fi\/sv\/aktuellt\/artiklar\/i-kriget-kretsar-oron-och-hoppet-kring-barnen\/#primaryimage","url":"https:\/\/www.kirkonulkomaanapu.fi\/wp-content\/uploads\/2025\/01\/paivakoti-4.jpg","contentUrl":"https:\/\/www.kirkonulkomaanapu.fi\/wp-content\/uploads\/2025\/01\/paivakoti-4.jpg","width":1920,"height":1280,"caption":"Tre\u00e5riga Polina, h\u00e4r i famnen p\u00e5 mamma Marina Yanchukova, tr\u00e4ffar de andra barnen f\u00f6r f\u00f6rsta g\u00e5ngen. FOTO: Antti Yrj\u00f6nen \/ KUA"},{"@type":"BreadcrumbList","@id":"https:\/\/www.kirkonulkomaanapu.fi\/sv\/aktuellt\/artiklar\/i-kriget-kretsar-oron-och-hoppet-kring-barnen\/#breadcrumb","itemListElement":[{"@type":"ListItem","position":1,"name":"Home","item":"https:\/\/www.kirkonulkomaanapu.fi\/sv\/"},{"@type":"ListItem","position":2,"name":"Artikkelit","item":"https:\/\/www.kirkonulkomaanapu.fi\/ajankohtaista\/artikkelit\/"},{"@type":"ListItem","position":3,"name":"I kriget kretsar oron och hoppet kring barnen"}]},{"@type":"WebSite","@id":"https:\/\/www.kirkonulkomaanapu.fi\/#website","url":"https:\/\/www.kirkonulkomaanapu.fi\/","name":"Kirkon Ulkomaanapu","description":"Suomen suurin kehitysyhteisty\u00f6j\u00e4rjest\u00f6","publisher":{"@id":"https:\/\/www.kirkonulkomaanapu.fi\/#organization"},"alternateName":"KUA","potentialAction":[{"@type":"SearchAction","target":{"@type":"EntryPoint","urlTemplate":"https:\/\/www.kirkonulkomaanapu.fi\/?s={search_term_string}"},"query-input":{"@type":"PropertyValueSpecification","valueRequired":true,"valueName":"search_term_string"}}],"inLanguage":"sv-SE"},{"@type":"Organization","@id":"https:\/\/www.kirkonulkomaanapu.fi\/#organization","name":"Kirkon Ulkomaanapu","alternateName":"KUA","url":"https:\/\/www.kirkonulkomaanapu.fi\/","logo":{"@type":"ImageObject","inLanguage":"sv-SE","@id":"https:\/\/www.kirkonulkomaanapu.fi\/#\/schema\/logo\/image\/","url":"https:\/\/www.kirkonulkomaanapu.fi\/wp-content\/uploads\/2026\/02\/Kirkon-ulkomaanapu-logo-1.png","contentUrl":"https:\/\/www.kirkonulkomaanapu.fi\/wp-content\/uploads\/2026\/02\/Kirkon-ulkomaanapu-logo-1.png","width":225,"height":225,"caption":"Kirkon Ulkomaanapu"},"image":{"@id":"https:\/\/www.kirkonulkomaanapu.fi\/#\/schema\/logo\/image\/"},"sameAs":["https:\/\/www.facebook.com\/Ulkomaanapu\/","https:\/\/www.youtube.com\/user\/kirkonulkomaanapu","https:\/\/instagram.com\/kirkon_ulkomaanapu\/","https:\/\/www.linkedin.com\/company\/finn-church-aid\/"]},{"@type":"Person","@id":"https:\/\/www.kirkonulkomaanapu.fi\/#\/schema\/person\/31b6ed048d3e1da75eef07bb24058320","name":"Elisa Rimaila","image":{"@type":"ImageObject","inLanguage":"sv-SE","@id":"https:\/\/www.kirkonulkomaanapu.fi\/#\/schema\/person\/image\/","url":"https:\/\/secure.gravatar.com\/avatar\/65ca568d6d123ad5727bf3200db62d9e5200bc8a231cc30afe80ca1a344613e2?s=96&d=mm&r=g","contentUrl":"https:\/\/secure.gravatar.com\/avatar\/65ca568d6d123ad5727bf3200db62d9e5200bc8a231cc30afe80ca1a344613e2?s=96&d=mm&r=g","caption":"Elisa Rimaila"},"description":"Viestinn\u00e4n asiantuntija, Digital communications specialist"}]}},"_links":{"self":[{"href":"https:\/\/www.kirkonulkomaanapu.fi\/sv\/wp-json\/wp\/v2\/article\/152540","targetHints":{"allow":["GET"]}}],"collection":[{"href":"https:\/\/www.kirkonulkomaanapu.fi\/sv\/wp-json\/wp\/v2\/article"}],"about":[{"href":"https:\/\/www.kirkonulkomaanapu.fi\/sv\/wp-json\/wp\/v2\/types\/artikkelit"}],"author":[{"embeddable":true,"href":"https:\/\/www.kirkonulkomaanapu.fi\/sv\/wp-json\/wp\/v2\/users\/137"}],"version-history":[{"count":2,"href":"https:\/\/www.kirkonulkomaanapu.fi\/sv\/wp-json\/wp\/v2\/article\/152540\/revisions"}],"predecessor-version":[{"id":153070,"href":"https:\/\/www.kirkonulkomaanapu.fi\/sv\/wp-json\/wp\/v2\/article\/152540\/revisions\/153070"}],"wp:featuredmedia":[{"embeddable":true,"href":"https:\/\/www.kirkonulkomaanapu.fi\/sv\/wp-json\/wp\/v2\/media\/152749"}],"wp:attachment":[{"href":"https:\/\/www.kirkonulkomaanapu.fi\/sv\/wp-json\/wp\/v2\/media?parent=152540"}],"wp:term":[{"taxonomy":"category","embeddable":true,"href":"https:\/\/www.kirkonulkomaanapu.fi\/sv\/wp-json\/wp\/v2\/categories?post=152540"},{"taxonomy":"countries","embeddable":true,"href":"https:\/\/www.kirkonulkomaanapu.fi\/sv\/wp-json\/wp\/v2\/countries?post=152540"},{"taxonomy":"article_themes","embeddable":true,"href":"https:\/\/www.kirkonulkomaanapu.fi\/sv\/wp-json\/wp\/v2\/article_themes?post=152540"}],"curies":[{"name":"wp","href":"https:\/\/api.w.org\/{rel}","templated":true}]}}