{"id":135311,"date":"2022-11-28T16:24:28","date_gmt":"2022-11-28T14:24:28","guid":{"rendered":"https:\/\/www.kirkonulkomaanapu.fi\/?post_type=artikkelit&#038;p=135311"},"modified":"2022-11-28T16:28:04","modified_gmt":"2022-11-28T14:28:04","slug":"i-syrien-har-flickor-fatt-pojkarna-att-forbattra-sina-vitsord","status":"publish","type":"artikkelit","link":"https:\/\/www.kirkonulkomaanapu.fi\/sv\/aktuellt\/artiklar\/i-syrien-har-flickor-fatt-pojkarna-att-forbattra-sina-vitsord\/","title":{"rendered":"I Syrien har flickor f\u00e5tt pojkarna att f\u00f6rb\u00e4ttra sina vitsord"},"content":{"rendered":"\n\n\n<div class=\"block-hero full-width id-block\" style=\"background-image: url('');\">\n\n\t<div class=\"bg-mobile\" style=\"background-image: url('');\"><\/div>\n\n\t\n\t<div class=\"curtain\"><\/div>\n\n\t<div class=\"container\">\n\t\t<div class=\"row\">\n\t\t\t<div class=\"col\">\n\t\t\t\t<div class=\"inner-blocks entry-content\">\n\t\t\t\t\t\t\t\t\t\t\t\n\n<h1 class=\"wp-block-heading\"><\/h1>\n\n\n\t\t\t\t\t\t\t\t\t<\/div>\n\t\t\t<\/div>\n\t\t<\/div>\n\t<\/div>\n<\/div>\n\n\n\n\n\n\n\n\n<h1 class=\"wp-block-heading\">I Syrien har flickor f\u00e5tt pojkarna att f\u00f6rb\u00e4ttra sina vitsord<\/h1>\n\n\n\n<p class=\"is-style-ingress\">Under \u00e5rens lopp har krisen i Syrien f\u00f6rsvunnit ur nyhetsrubrikerna trots att behovet av hj\u00e4lp fortfarande \u00e4r lika stort. En pojkskola i Hama som Kyrkans Utlandshj\u00e4lp st\u00f6der \u00f6ppnade sina d\u00f6rrar f\u00f6r flickor. Den nya situationen utmanade s\u00e5v\u00e4l elever och l\u00e4rare som familjer att t\u00e4nka p\u00e5 ett nytt s\u00e4tt, men deras anstr\u00e4ngningar bar frukt.&nbsp;<\/p>\n\n\n\n<p><strong>DE GLADA ROPEN<\/strong> \u00e4r \u00f6ronbed\u00f6vande. P\u00e5 landsbygden i Hama i v\u00e4stra Syrien har ett trettiotal flickor och pojkar i \u00e5ldern 11\u201314 \u00e5r kl\u00e4mt in sig i ett litet klassrum.&nbsp;<\/p>\n\n\n\n<p>Situationen ser vardaglig ut, fast \u00e4r den s\u00e4llsynt i dagens Syrien. Under n\u00e4rmare 12 \u00e5r av krig har flickor och pojkar g\u00e5tt i skilda skolor. S\u00e5 har det \u00e4nd\u00e5 inte alltid varit, f\u00f6rs\u00e4krar skolans ledare. F\u00f6re kriget var det vanligt att flickor och pojkar satt p\u00e5 samma lektioner. Men under kriget har regler och praxis sk\u00e4rpts.&nbsp;&nbsp;<\/p>\n\n\n\n<p>Kyrkans Utlandshj\u00e4lp st\u00f6der tillsammans med EU:s humanit\u00e4ra bist\u00e5nd en tidigare pojkskola d\u00e4r \u00e4ven flickor under \u00e5r 2022 har f\u00e5tt undervisning. Skolan har reparerats och l\u00e4rarna har f\u00e5tt fortbildning. Under den st\u00f6dundervisning som ordnades under sommaren deltog hela 380 flickor. I dag f\u00e5r ett tjugotal flickor permanent undervisning i skolan.&nbsp;<\/p>\n\n\n\n<p>Enligt skolans personal har klassrummen i och med reformen fyllts med glad energi och positiv konkurrens. En l\u00e4rare och tv\u00e5 elever ber\u00e4ttar hurdant livet i ett land i krig har varit och hur experimentet med flickor och pojkar i samma klasser blev en isbrytare i samh\u00e4llet.&nbsp;<\/p>\n\n\n\n<figure class=\"wp-block-image size-large is-style-default\"><img loading=\"lazy\" decoding=\"async\" width=\"1024\" height=\"576\" src=\"https:\/\/www.kirkonulkomaanapu.fi\/wp-content\/uploads\/2022\/11\/3-henkiloa-syyrian-koulu-hero-1024x576.jpg\" alt=\"Syrian flicka fotograferad framf\u00f6r vita v\u00e4ggan. \" class=\"wp-image-135068\" srcset=\"https:\/\/www.kirkonulkomaanapu.fi\/wp-content\/uploads\/2022\/11\/3-henkiloa-syyrian-koulu-hero-1024x576.jpg 1024w, https:\/\/www.kirkonulkomaanapu.fi\/wp-content\/uploads\/2022\/11\/3-henkiloa-syyrian-koulu-hero-480x270.jpg 480w, https:\/\/www.kirkonulkomaanapu.fi\/wp-content\/uploads\/2022\/11\/3-henkiloa-syyrian-koulu-hero-768x432.jpg 768w, https:\/\/www.kirkonulkomaanapu.fi\/wp-content\/uploads\/2022\/11\/3-henkiloa-syyrian-koulu-hero-1536x864.jpg 1536w, https:\/\/www.kirkonulkomaanapu.fi\/wp-content\/uploads\/2022\/11\/3-henkiloa-syyrian-koulu-hero-316x178.jpg 316w, https:\/\/www.kirkonulkomaanapu.fi\/wp-content\/uploads\/2022\/11\/3-henkiloa-syyrian-koulu-hero.jpg 1920w\" sizes=\"auto, (max-width: 1024px) 100vw, 1024px\" \/><figcaption class=\"wp-element-caption\">&#8221;Vad jag t\u00e4nker om utbildning f\u00f6r flickor? Utbildning \u00e4r min r\u00e4tt. Att studera, att jobba och att resa \u00e4r kvinnors r\u00e4ttigheter. Vi har precis samma r\u00e4ttigheter som m\u00e4n,&#8221; s\u00e4ger Foton, 14 \u00e5r. <em>Bild: Erik Nystr\u00f6m \/ KUA<\/em><\/figcaption><\/figure>\n\n\n\n<h2 class=\"wp-block-heading\">\u201cNu har jag till och med kompisar som \u00e4r pojkar\u201d&nbsp;<\/h2>\n\n\n\n<p>\u201cVi i min familj flydde inte, vi var h\u00e4r i det h\u00e4r omr\u00e5det under hela konflikten. Under 2018\u20132019 tillbringade vi ett \u00e5r i skydd under v\u00e5rt hus. Vi h\u00f6ll oss g\u00f6mda 20 timmar i dygnet. Jag var 11 \u00e5r och jag blev r\u00e4dd n\u00e4r jag h\u00f6rde ljudet av helikoptrar, robotar och granater. En av dem tr\u00e4ffade v\u00e5rt hus och min bror miste medvetandet. Vi hade varken el eller vatten. Min pappa hade en liten butik och vi \u00e5t upp allt som fanns i den under det \u00e5ret.&nbsp;<\/p>\n\n\n\n<p>Min egen flickskola var st\u00e4ngd det \u00e5ret. En g\u00e5ng f\u00f6rs\u00f6kte min pappa f\u00f6ra oss till skolan till ett annat omr\u00e5de, men det gick inte. Alla var r\u00e4dda och det fanns inga l\u00e4rare heller. Det \u00e5ret gick vi inte i skola.&nbsp;<\/p>\n\n\n\n<p>Jag t\u00e4nker att jag nu har det b\u00e4ttre \u00e4n f\u00f6rr. St\u00e4mningen i blandskolan \u00e4r glad. Tidigare, n\u00e4r jag gick i en flickskola, hade jag sv\u00e5rt att tala med pojkar. Nu har jag till och med kompisar som \u00e4r pojkar. I v\u00e5rt kompisg\u00e4ng ing\u00e5r till exempel mina skolkamrater Ahmad, Muhammad, Ali och andra. Tidigare var jag bara v\u00e4n med pojkar i min sl\u00e4kt.&nbsp;<\/p>\n\n\n\n<p>I b\u00f6rjan var min familj r\u00e4dd att pojkarna i skolan skulle g\u00f6ra mig illa. Men den h\u00e4r upplevelsen har st\u00e4rkt min relation till familjen. De litar p\u00e5 mig. De t\u00e4nker att en dotter kan g\u00e5 i en pojkskola och ta hand om sig sj\u00e4lv.&nbsp;<\/p>\n\n\n\n<p>Vad jag t\u00e4nker om utbildning f\u00f6r flickor? Utbildning \u00e4r min r\u00e4tt. Att studera, att jobba och att resa \u00e4r kvinnors r\u00e4ttigheter. Vi har precis samma r\u00e4ttigheter som m\u00e4n. V\u00e5r plats \u00e4r inte bara hemma. Jag dr\u00f6mmer om att bli l\u00e4kare eller ingenj\u00f6r.&#8221;&nbsp;<br>\u2013 <em>eleven Foton, 14<\/em><\/p>\n\n\n\n<figure class=\"wp-block-image size-large is-style-default\"><img loading=\"lazy\" decoding=\"async\" width=\"1024\" height=\"640\" src=\"https:\/\/www.kirkonulkomaanapu.fi\/wp-content\/uploads\/2022\/11\/syyrian_koululaiset_poika-1024x640.jpg\" alt=\"En pojke stannar framf\u00f6r andra pojkar.\" class=\"wp-image-135100\" srcset=\"https:\/\/www.kirkonulkomaanapu.fi\/wp-content\/uploads\/2022\/11\/syyrian_koululaiset_poika-1024x640.jpg 1024w, https:\/\/www.kirkonulkomaanapu.fi\/wp-content\/uploads\/2022\/11\/syyrian_koululaiset_poika-480x300.jpg 480w, https:\/\/www.kirkonulkomaanapu.fi\/wp-content\/uploads\/2022\/11\/syyrian_koululaiset_poika-768x480.jpg 768w, https:\/\/www.kirkonulkomaanapu.fi\/wp-content\/uploads\/2022\/11\/syyrian_koululaiset_poika-1536x960.jpg 1536w, https:\/\/www.kirkonulkomaanapu.fi\/wp-content\/uploads\/2022\/11\/syyrian_koululaiset_poika-285x178.jpg 285w, https:\/\/www.kirkonulkomaanapu.fi\/wp-content\/uploads\/2022\/11\/syyrian_koululaiset_poika.jpg 1920w\" sizes=\"auto, (max-width: 1024px) 100vw, 1024px\" \/><figcaption class=\"wp-element-caption\">&#8221;Vi pojkar har l\u00e4rt oss sj\u00e4lvf\u00f6rtroende under det h\u00e4r experimentet. Jag hade vant mig vid att t\u00e4nka att flickor \u00e4r blyga,&#8221; s\u00e4ger Turki, 13. <em>Bild: Erik Nystr\u00f6m \/ KUA<\/em><\/figcaption><\/figure>\n\n\n\n<h2 class=\"wp-block-heading\">\u201cP\u00e5 s\u00e4tt och vis \u00e4r de v\u00e4l starka kvinnor.\u201d&nbsp;<\/h2>\n\n\n\n<p>\u201cJag och min familj l\u00e4mnade v\u00e5rt hem n\u00e4r striderna i v\u00e5rt omr\u00e5de hade blivit riktigt h\u00e4ftiga. Vi flydde och vi tog ingenting med oss. Under hela konflikten var jag v\u00e4ldigt r\u00e4dd p\u00e5 grund av granater och robotar. Jag kan fortfarande bli skr\u00e4ckslagen vid tanken p\u00e5 att n\u00e5gon ska anfalla oss.&nbsp;<\/p>\n\n\n\n<p>Kyrkans Utlandshj\u00e4lp ordnade repetitionsundervisning i v\u00e5r skola. Ljuden av kriget hade ekat l\u00e4nge i mitt huvud, men aktiviteterna gav mig i alla fall n\u00e5got annat att t\u00e4nka p\u00e5 och hj\u00e4lpte mig att gl\u00f6mma hemskheterna.&nbsp;<\/p>\n\n\n\n<p>Det h\u00e4r \u00e4r min skola och tidigare var vi bara pojkar h\u00e4r. Vi var alla likadana p\u00e5 n\u00e5got s\u00e4tt. Vi pojkar vill visa att vi \u00e4r smartare \u00e4n flickorna. Vi t\u00e4vlar inf\u00f6r l\u00e4raren om goda vitsord. Vi f\u00f6rs\u00f6ker vara artiga och respektfulla mot flickorna. Bland pojkar kan det bli ganska h\u00e4ftigt ibland, men nu finns det \u00e4ven flickor i klassen.&nbsp;<\/p>\n\n\n\n<p>Vi pojkar har l\u00e4rt oss sj\u00e4lvf\u00f6rtroende under det h\u00e4r experimentet. Jag hade vant mig vid att t\u00e4nka att flickor \u00e4r blyga. N\u00e4r de kom till v\u00e5r skola m\u00e4rkte jag att flickor visst har sj\u00e4lvf\u00f6rtroende. P\u00e5 s\u00e4tt och vis \u00e4r de v\u00e4l starka kvinnor.&nbsp;<\/p>\n\n\n\n<p>Jag har inga problem med att forts\u00e4tta s\u00e5 h\u00e4r, allts\u00e5 s\u00e5 att vi studerar tillsammans med flickorna. Men jag m\u00e5ste medge att det inte var helt enkelt \u00e4nd\u00e5. Jag k\u00e4nner mig lite blyg. Ibland t\u00e4nker jag att det skulle vara b\u00e4ttre om de \u00e5terv\u00e4nde till sin skola. Men skulle jag verkligen vilja det? Nej, nej, nej! De ger oss pojkar mer studiemotivation.&#8221;<br>\u2013 e<em>leven Turki, 13<\/em><\/p>\n\n\n\n<figure class=\"wp-block-image size-large is-style-default\"><img loading=\"lazy\" decoding=\"async\" width=\"1024\" height=\"683\" src=\"https:\/\/www.kirkonulkomaanapu.fi\/wp-content\/uploads\/2022\/11\/3-henkiloa-syyrian-koulu-opettaja-kasem-1024x683.jpg\" alt=\"L\u00e4raren st\u00e5r framf\u00f6r klassen i Syrien. \" class=\"wp-image-135074\" srcset=\"https:\/\/www.kirkonulkomaanapu.fi\/wp-content\/uploads\/2022\/11\/3-henkiloa-syyrian-koulu-opettaja-kasem-1024x683.jpg 1024w, https:\/\/www.kirkonulkomaanapu.fi\/wp-content\/uploads\/2022\/11\/3-henkiloa-syyrian-koulu-opettaja-kasem-480x320.jpg 480w, https:\/\/www.kirkonulkomaanapu.fi\/wp-content\/uploads\/2022\/11\/3-henkiloa-syyrian-koulu-opettaja-kasem-768x512.jpg 768w, https:\/\/www.kirkonulkomaanapu.fi\/wp-content\/uploads\/2022\/11\/3-henkiloa-syyrian-koulu-opettaja-kasem-1536x1024.jpg 1536w, https:\/\/www.kirkonulkomaanapu.fi\/wp-content\/uploads\/2022\/11\/3-henkiloa-syyrian-koulu-opettaja-kasem-267x178.jpg 267w, https:\/\/www.kirkonulkomaanapu.fi\/wp-content\/uploads\/2022\/11\/3-henkiloa-syyrian-koulu-opettaja-kasem.jpg 1920w\" sizes=\"auto, (max-width: 1024px) 100vw, 1024px\" \/><figcaption class=\"wp-element-caption\">&#8221;Det \u00e4r fint att flickor har kommit till den h\u00e4r skolan. I motsats till f\u00f6rr s\u00e5 har vi nu aktiviteter och undervisning som f\u00f6r samman pojkar och flickor&#8221;, s\u00e4ger l\u00e4raren Najah Kasem. <em>Bild: Erik Nystr\u00f6m \/ KUA<\/em><\/figcaption><\/figure>\n\n\n\n<h2 class=\"wp-block-heading\">\u201cFlickorna och pojkarna \u00e4r nu klasskamrater, v\u00e4nner och kolleger med varandra\u201d&nbsp;<\/h2>\n\n\n\n<p><strong>\u201c<\/strong>Under kriget har mycket f\u00f6r\u00e4ndrats i Syrien.&nbsp; P\u00e5 m\u00e5nga omr\u00e5den har reglerna gl\u00f6mts bort och ibland brister respekten mellan olika grupper av m\u00e4nniskor. Under krigs\u00e5ren har vi g\u00e5tt miste om m\u00e5nga m\u00f6jligheter och trillat av den globala utvecklingen.&nbsp;&nbsp;<\/p>\n\n\n\n<p>Vi m\u00e5ste reparera v\u00e5rt s\u00e4tt att t\u00e4nka ocks\u00e5 i fr\u00e5ga om k\u00f6nsfr\u00e5gor, f\u00f6r vi m\u00e5ste klara av att acceptera varandra. Det \u00e4r viktigt att vi b\u00f6rjar driva p\u00e5 den f\u00f6r\u00e4ndringen har i skolan nu. Varf\u00f6r? Som l\u00e4rare vill jag t\u00e4nka att alla mina elever forts\u00e4tter till universitet. Vid universitet studerar kvinnor och m\u00e4n tillsammans. Det blir sv\u00e5rt om de h\u00e4r ungdomarna aldrig tidigare har gjort n\u00e5got tillsammans.&nbsp;<\/p>\n\n\n\n\n<div class=\"block-scroll-content id-block full-width inner-blocks entry-content\">\n    \n    <div class=\"inner-blocks\">\n        \n\n<div class=\"block-scroll-content-slide id-block inner-blocks\">\n    <div class=\"background\">\n                <img decoding=\"async\" src=\"https:\/\/www.kirkonulkomaanapu.fi\/wp-content\/uploads\/2022\/11\/3-henkiloa-syyrian-koulu-luokka.jpg\" alt=\"Flickor och pojkar sitter i klassen i skolan i Syrien.\">\n        \n            <\/div>    \n\n    <div class=\"content-overflow\">\n        <div class=\"slide-content\">\n            <div class=\"container-lg\">\n                <div class=\"row\">\n                    <div class=\"col\">\n                        <div class=\"slide-card inner-blocks \">\n                            \n\n<p>Kyrkans Utlandshj\u00e4lp st\u00f6der tillsammans med EU:s humanit\u00e4ra bist\u00e5nd en tidigare pojkskola d\u00e4r \u00e4ven flickor under \u00e5r 2022 har f\u00e5tt undervisning. Skolan har reparerats och l\u00e4rarna har f\u00e5tt fortbildning. Under den st\u00f6dundervisning som ordnades under sommaren deltog hela 380 flickor. I dag f\u00e5r ett tjugotal flickor permanent undervisning i skolan.&nbsp;<em>Bild: Erik Nystr\u00f6m \/ KUA<\/em><\/p>\n\n\n                        <\/div>\n                    <\/div>\n                <\/div>\n            <\/div>            \n        <\/div>\n    <\/div>\n<\/div>\n\n\n    <\/div>\n<\/div>\n\n\n\n<p>Det \u00e4r fint att flickor har kommit till den h\u00e4r skolan. I motsats till f\u00f6rr s\u00e5 har vi nu aktiviteter och undervisning som f\u00f6r samman pojkar och flickor. Jag har m\u00e4rkt att de har b\u00f6rjat tala med varandra nu n\u00e4r den f\u00f6rsta stelheten har g\u00e5tt \u00f6ver. De f\u00f6rh\u00e5ller sig normalt till varandra: de sitter bredvid varandra och l\u00e4r sig tillsammans utan att beh\u00f6va tolka situationen hela tiden. De \u00e4r nu klasskamrater, v\u00e4nner och kolleger med varandra. Isen har brustit p\u00e5 n\u00e5got s\u00e4tt.&nbsp;<\/p>\n\n\n\n<p>Som l\u00e4rare i engelska m\u00e5ste jag s\u00e4ga att f\u00f6r\u00e4ndringen ocks\u00e5 har varit utmanande. De flickor som kom till skolan hade knappt studerat engelska alls. Jag var tvungen att ta om allt fr\u00e5n b\u00f6rjan.&nbsp;<\/p>\n\n\n\n<p>I slut\u00e4ndan har den h\u00e4r nya situationen \u00e4nd\u00e5 varit till stor nytta. Min erfarenhet \u00e4r att flickor i allm\u00e4nhet klarar sig b\u00e4ttre i skolan \u00e4n pojkar. Den nya situationen d\u00e4r flickor och pojkar har samma lektioner skapar en godartad t\u00e4vling mellan eleverna. Pojkarna har f\u00f6rb\u00e4ttrat sina vitsord och sin \u00f6vriga skolframg\u00e5ng.&nbsp;<\/p>\n\n\n\n<p>Utbildning \u00e4r enormt viktigt n\u00e4r vi planerar Syriens framtid. Barn tillbringar mer tid i skolan \u00e4n i sina hem. F\u00f6r ett barn \u00e4r l\u00e4raren som en f\u00f6r\u00e4lder till. Allt b\u00f6rjar i skolan: vi kan p\u00e5verka ett barns s\u00e4tt att t\u00e4nka, vi kan hj\u00e4lpa hen att utveckla sin kompetens och p\u00e5 s\u00e5 s\u00e4tt p\u00e5verkar vi ocks\u00e5 hur Syrien utvecklas och hur \u00e5teruppbyggnaden avancerar.&#8221;&nbsp;<br><em>\u2013 l\u00e4raren Najah Kasem<\/em><\/p>\n\n\n\n<p><br>Text: Ulriikka My\u00f6h\u00e4nen&nbsp;<br>\u00d6vers\u00e4ttning: Sara Torvalds<br>Foto: Erik Nystr\u00f6m&nbsp;<\/p>\n","protected":false},"excerpt":{"rendered":"<p>I Syrien har flickor f\u00e5tt pojkarna att f\u00f6rb\u00e4ttra sina vitsord Under \u00e5rens lopp har krisen i Syrien f\u00f6rsvunnit ur nyhetsrubrikerna trots att behovet av hj\u00e4lp fortfarande \u00e4r lika stort. En pojkskola i Hama som Kyrkans Utlandshj\u00e4lp st\u00f6der \u00f6ppnade sina d\u00f6rrar f\u00f6r flickor. Den nya situationen utmanade s\u00e5v\u00e4l elever och l\u00e4rare som familjer att t\u00e4nka p\u00e5 [&hellip;]<\/p>\n","protected":false},"author":137,"featured_media":135077,"menu_order":0,"template":"","meta":{"_acf_changed":false,"_relevanssi_hide_post":"","_relevanssi_hide_content":"","_relevanssi_pin_for_all":"","_relevanssi_pin_keywords":"","_relevanssi_unpin_keywords":"","_relevanssi_related_keywords":"","_relevanssi_related_include_ids":"","_relevanssi_related_exclude_ids":"","_relevanssi_related_no_append":"","_relevanssi_related_not_related":"","_relevanssi_related_posts":"121614,121400,121649,89500,108131,63644","_relevanssi_noindex_reason":"","_improvement_type_select":"improve_an_existing","_thumb_yes_seoaic":false,"_frame_yes_seoaic":false,"seoaic_generate_description":"","seoaic_improve_instructions_prompt":"","seoaic_rollback_content_improvement":"","seoaic_idea_thumbnail_generator":"","thumbnail_generated":false,"thumbnail_generate_prompt":"","seoaic_article_description":"","footnotes":""},"categories":[130,140,186,343,364,683],"countries":[],"article_themes":[395,450,832],"class_list":["post-135311","artikkelit","type-artikkelit","status-publish","has-post-thumbnail","hentry","category-utbildning","category-syyria-sv","category-jamlikhet","category-syrien-sv","category-syrien-sv-2","category-koulutus-sv","article_themes-utbildning","article_themes-utbildning-i-katastrofsituationer","article_themes-tasa-arvo-sv"],"acf":[],"yoast_head":"<!-- This site is optimized with the Yoast SEO plugin v26.9 - https:\/\/yoast.com\/product\/yoast-seo-wordpress\/ -->\n<title>I Syrien har flickor f\u00e5tt pojkarna att f\u00f6rb\u00e4ttra sina vitsord - Kyrkans Utlandshj\u00e4lp<\/title>\n<meta name=\"description\" content=\"Kyrkans Utlandshj\u00e4lp st\u00f6der tillsammans med EU:s humanit\u00e4ra bist\u00e5nd en tidigare pojkskola d\u00e4r \u00e4ven flickor under \u00e5r 2022 har f\u00e5tt undervisning. Under den st\u00f6dundervisning som ordnades under sommaren deltog hela 380 flickor. I dag f\u00e5r ett tjugotal flickor permanent undervisning i skolan.\u00a0\" \/>\n<meta name=\"robots\" content=\"index, follow, max-snippet:-1, max-image-preview:large, max-video-preview:-1\" \/>\n<link rel=\"canonical\" href=\"https:\/\/www.kirkonulkomaanapu.fi\/sv\/aktuellt\/artiklar\/i-syrien-har-flickor-fatt-pojkarna-att-forbattra-sina-vitsord\/\" \/>\n<meta property=\"og:locale\" content=\"sv_SE\" \/>\n<meta property=\"og:type\" content=\"article\" \/>\n<meta property=\"og:title\" content=\"I Syrien har flickor f\u00e5tt pojkarna att f\u00f6rb\u00e4ttra sina vitsord - Kyrkans Utlandshj\u00e4lp\" \/>\n<meta property=\"og:description\" content=\"Kyrkans Utlandshj\u00e4lp st\u00f6der tillsammans med EU:s humanit\u00e4ra bist\u00e5nd en tidigare pojkskola d\u00e4r \u00e4ven flickor under \u00e5r 2022 har f\u00e5tt undervisning. Under den st\u00f6dundervisning som ordnades under sommaren deltog hela 380 flickor. I dag f\u00e5r ett tjugotal flickor permanent undervisning i skolan.\u00a0\" \/>\n<meta property=\"og:url\" content=\"https:\/\/www.kirkonulkomaanapu.fi\/sv\/aktuellt\/artiklar\/i-syrien-har-flickor-fatt-pojkarna-att-forbattra-sina-vitsord\/\" \/>\n<meta property=\"og:site_name\" content=\"Kyrkans Utlandshj\u00e4lp\" \/>\n<meta property=\"article:publisher\" content=\"https:\/\/www.facebook.com\/Ulkomaanapu\/\" \/>\n<meta property=\"article:modified_time\" content=\"2022-11-28T14:28:04+00:00\" \/>\n<meta property=\"og:image\" content=\"https:\/\/www.kirkonulkomaanapu.fi\/wp-content\/uploads\/2022\/11\/3-henkiloa-syyrian-koulu-oppilas-turki.jpg\" \/>\n\t<meta property=\"og:image:width\" content=\"1920\" \/>\n\t<meta property=\"og:image:height\" content=\"1280\" \/>\n\t<meta property=\"og:image:type\" content=\"image\/jpeg\" \/>\n<meta name=\"twitter:label1\" content=\"Ber\u00e4knad l\u00e4stid\" \/>\n\t<meta name=\"twitter:data1\" content=\"7 minuter\" \/>\n<script type=\"application\/ld+json\" class=\"yoast-schema-graph\">{\"@context\":\"https:\/\/schema.org\",\"@graph\":[{\"@type\":\"Article\",\"@id\":\"https:\/\/www.kirkonulkomaanapu.fi\/sv\/aktuellt\/artiklar\/i-syrien-har-flickor-fatt-pojkarna-att-forbattra-sina-vitsord\/#article\",\"isPartOf\":{\"@id\":\"https:\/\/www.kirkonulkomaanapu.fi\/sv\/aktuellt\/artiklar\/i-syrien-har-flickor-fatt-pojkarna-att-forbattra-sina-vitsord\/\"},\"author\":{\"name\":\"Elisa Rimaila\",\"@id\":\"https:\/\/www.kirkonulkomaanapu.fi\/#\/schema\/person\/31b6ed048d3e1da75eef07bb24058320\"},\"headline\":\"I Syrien har flickor f\u00e5tt pojkarna att f\u00f6rb\u00e4ttra sina vitsord\",\"datePublished\":\"2022-11-28T14:24:28+00:00\",\"dateModified\":\"2022-11-28T14:28:04+00:00\",\"mainEntityOfPage\":{\"@id\":\"https:\/\/www.kirkonulkomaanapu.fi\/sv\/aktuellt\/artiklar\/i-syrien-har-flickor-fatt-pojkarna-att-forbattra-sina-vitsord\/\"},\"wordCount\":1575,\"publisher\":{\"@id\":\"https:\/\/www.kirkonulkomaanapu.fi\/#organization\"},\"image\":{\"@id\":\"https:\/\/www.kirkonulkomaanapu.fi\/sv\/aktuellt\/artiklar\/i-syrien-har-flickor-fatt-pojkarna-att-forbattra-sina-vitsord\/#primaryimage\"},\"thumbnailUrl\":\"https:\/\/www.kirkonulkomaanapu.fi\/wp-content\/uploads\/2022\/11\/3-henkiloa-syyrian-koulu-oppilas-turki.jpg\",\"articleSection\":[\"Utbildning\",\"Syyria\",\"J\u00e4mlikhet\",\"Syrien\",\"Syrien\",\"Koulutus\"],\"inLanguage\":\"sv-SE\"},{\"@type\":\"WebPage\",\"@id\":\"https:\/\/www.kirkonulkomaanapu.fi\/sv\/aktuellt\/artiklar\/i-syrien-har-flickor-fatt-pojkarna-att-forbattra-sina-vitsord\/\",\"url\":\"https:\/\/www.kirkonulkomaanapu.fi\/sv\/aktuellt\/artiklar\/i-syrien-har-flickor-fatt-pojkarna-att-forbattra-sina-vitsord\/\",\"name\":\"I Syrien har flickor f\u00e5tt pojkarna att f\u00f6rb\u00e4ttra sina vitsord - Kyrkans Utlandshj\u00e4lp\",\"isPartOf\":{\"@id\":\"https:\/\/www.kirkonulkomaanapu.fi\/#website\"},\"primaryImageOfPage\":{\"@id\":\"https:\/\/www.kirkonulkomaanapu.fi\/sv\/aktuellt\/artiklar\/i-syrien-har-flickor-fatt-pojkarna-att-forbattra-sina-vitsord\/#primaryimage\"},\"image\":{\"@id\":\"https:\/\/www.kirkonulkomaanapu.fi\/sv\/aktuellt\/artiklar\/i-syrien-har-flickor-fatt-pojkarna-att-forbattra-sina-vitsord\/#primaryimage\"},\"thumbnailUrl\":\"https:\/\/www.kirkonulkomaanapu.fi\/wp-content\/uploads\/2022\/11\/3-henkiloa-syyrian-koulu-oppilas-turki.jpg\",\"datePublished\":\"2022-11-28T14:24:28+00:00\",\"dateModified\":\"2022-11-28T14:28:04+00:00\",\"description\":\"Kyrkans Utlandshj\u00e4lp st\u00f6der tillsammans med EU:s humanit\u00e4ra bist\u00e5nd en tidigare pojkskola d\u00e4r \u00e4ven flickor under \u00e5r 2022 har f\u00e5tt undervisning. Under den st\u00f6dundervisning som ordnades under sommaren deltog hela 380 flickor. I dag f\u00e5r ett tjugotal flickor permanent undervisning i skolan.\u00a0\",\"breadcrumb\":{\"@id\":\"https:\/\/www.kirkonulkomaanapu.fi\/sv\/aktuellt\/artiklar\/i-syrien-har-flickor-fatt-pojkarna-att-forbattra-sina-vitsord\/#breadcrumb\"},\"inLanguage\":\"sv-SE\",\"potentialAction\":[{\"@type\":\"ReadAction\",\"target\":[\"https:\/\/www.kirkonulkomaanapu.fi\/sv\/aktuellt\/artiklar\/i-syrien-har-flickor-fatt-pojkarna-att-forbattra-sina-vitsord\/\"]}]},{\"@type\":\"ImageObject\",\"inLanguage\":\"sv-SE\",\"@id\":\"https:\/\/www.kirkonulkomaanapu.fi\/sv\/aktuellt\/artiklar\/i-syrien-har-flickor-fatt-pojkarna-att-forbattra-sina-vitsord\/#primaryimage\",\"url\":\"https:\/\/www.kirkonulkomaanapu.fi\/wp-content\/uploads\/2022\/11\/3-henkiloa-syyrian-koulu-oppilas-turki.jpg\",\"contentUrl\":\"https:\/\/www.kirkonulkomaanapu.fi\/wp-content\/uploads\/2022\/11\/3-henkiloa-syyrian-koulu-oppilas-turki.jpg\",\"width\":1920,\"height\":1280,\"caption\":\"Flickorna och pojkarna st\u00e5r tillsammans i ett klassrum i Syrien.\"},{\"@type\":\"BreadcrumbList\",\"@id\":\"https:\/\/www.kirkonulkomaanapu.fi\/sv\/aktuellt\/artiklar\/i-syrien-har-flickor-fatt-pojkarna-att-forbattra-sina-vitsord\/#breadcrumb\",\"itemListElement\":[{\"@type\":\"ListItem\",\"position\":1,\"name\":\"Home\",\"item\":\"https:\/\/www.kirkonulkomaanapu.fi\/sv\/\"},{\"@type\":\"ListItem\",\"position\":2,\"name\":\"Artikkelit\",\"item\":\"https:\/\/www.kirkonulkomaanapu.fi\/ajankohtaista\/artikkelit\/\"},{\"@type\":\"ListItem\",\"position\":3,\"name\":\"I Syrien har flickor f\u00e5tt pojkarna att f\u00f6rb\u00e4ttra sina vitsord\"}]},{\"@type\":\"WebSite\",\"@id\":\"https:\/\/www.kirkonulkomaanapu.fi\/#website\",\"url\":\"https:\/\/www.kirkonulkomaanapu.fi\/\",\"name\":\"Kirkon Ulkomaanapu\",\"description\":\"Suomen suurin kehitysyhteisty\u00f6j\u00e4rjest\u00f6\",\"publisher\":{\"@id\":\"https:\/\/www.kirkonulkomaanapu.fi\/#organization\"},\"alternateName\":\"KUA\",\"potentialAction\":[{\"@type\":\"SearchAction\",\"target\":{\"@type\":\"EntryPoint\",\"urlTemplate\":\"https:\/\/www.kirkonulkomaanapu.fi\/?s={search_term_string}\"},\"query-input\":{\"@type\":\"PropertyValueSpecification\",\"valueRequired\":true,\"valueName\":\"search_term_string\"}}],\"inLanguage\":\"sv-SE\"},{\"@type\":\"Organization\",\"@id\":\"https:\/\/www.kirkonulkomaanapu.fi\/#organization\",\"name\":\"Kirkon Ulkomaanapu\",\"alternateName\":\"KUA\",\"url\":\"https:\/\/www.kirkonulkomaanapu.fi\/\",\"logo\":{\"@type\":\"ImageObject\",\"inLanguage\":\"sv-SE\",\"@id\":\"https:\/\/www.kirkonulkomaanapu.fi\/#\/schema\/logo\/image\/\",\"url\":\"https:\/\/www.kirkonulkomaanapu.fi\/wp-content\/uploads\/2026\/02\/Kirkon-ulkomaanapu-logo-1.png\",\"contentUrl\":\"https:\/\/www.kirkonulkomaanapu.fi\/wp-content\/uploads\/2026\/02\/Kirkon-ulkomaanapu-logo-1.png\",\"width\":225,\"height\":225,\"caption\":\"Kirkon Ulkomaanapu\"},\"image\":{\"@id\":\"https:\/\/www.kirkonulkomaanapu.fi\/#\/schema\/logo\/image\/\"},\"sameAs\":[\"https:\/\/www.facebook.com\/Ulkomaanapu\/\",\"https:\/\/www.youtube.com\/user\/kirkonulkomaanapu\",\"https:\/\/instagram.com\/kirkon_ulkomaanapu\/\",\"https:\/\/www.linkedin.com\/company\/finn-church-aid\/\"]},{\"@type\":\"Person\",\"@id\":\"https:\/\/www.kirkonulkomaanapu.fi\/#\/schema\/person\/31b6ed048d3e1da75eef07bb24058320\",\"name\":\"Elisa Rimaila\",\"image\":{\"@type\":\"ImageObject\",\"inLanguage\":\"sv-SE\",\"@id\":\"https:\/\/www.kirkonulkomaanapu.fi\/#\/schema\/person\/image\/\",\"url\":\"https:\/\/secure.gravatar.com\/avatar\/65ca568d6d123ad5727bf3200db62d9e5200bc8a231cc30afe80ca1a344613e2?s=96&d=mm&r=g\",\"contentUrl\":\"https:\/\/secure.gravatar.com\/avatar\/65ca568d6d123ad5727bf3200db62d9e5200bc8a231cc30afe80ca1a344613e2?s=96&d=mm&r=g\",\"caption\":\"Elisa Rimaila\"},\"description\":\"Viestinn\u00e4n asiantuntija, Digital communications specialist\"}]}<\/script>\n<!-- \/ Yoast SEO plugin. -->","yoast_head_json":{"title":"I Syrien har flickor f\u00e5tt pojkarna att f\u00f6rb\u00e4ttra sina vitsord - Kyrkans Utlandshj\u00e4lp","description":"Kyrkans Utlandshj\u00e4lp st\u00f6der tillsammans med EU:s humanit\u00e4ra bist\u00e5nd en tidigare pojkskola d\u00e4r \u00e4ven flickor under \u00e5r 2022 har f\u00e5tt undervisning. Under den st\u00f6dundervisning som ordnades under sommaren deltog hela 380 flickor. I dag f\u00e5r ett tjugotal flickor permanent undervisning i skolan.\u00a0","robots":{"index":"index","follow":"follow","max-snippet":"max-snippet:-1","max-image-preview":"max-image-preview:large","max-video-preview":"max-video-preview:-1"},"canonical":"https:\/\/www.kirkonulkomaanapu.fi\/sv\/aktuellt\/artiklar\/i-syrien-har-flickor-fatt-pojkarna-att-forbattra-sina-vitsord\/","og_locale":"sv_SE","og_type":"article","og_title":"I Syrien har flickor f\u00e5tt pojkarna att f\u00f6rb\u00e4ttra sina vitsord - Kyrkans Utlandshj\u00e4lp","og_description":"Kyrkans Utlandshj\u00e4lp st\u00f6der tillsammans med EU:s humanit\u00e4ra bist\u00e5nd en tidigare pojkskola d\u00e4r \u00e4ven flickor under \u00e5r 2022 har f\u00e5tt undervisning. Under den st\u00f6dundervisning som ordnades under sommaren deltog hela 380 flickor. I dag f\u00e5r ett tjugotal flickor permanent undervisning i skolan.\u00a0","og_url":"https:\/\/www.kirkonulkomaanapu.fi\/sv\/aktuellt\/artiklar\/i-syrien-har-flickor-fatt-pojkarna-att-forbattra-sina-vitsord\/","og_site_name":"Kyrkans Utlandshj\u00e4lp","article_publisher":"https:\/\/www.facebook.com\/Ulkomaanapu\/","article_modified_time":"2022-11-28T14:28:04+00:00","og_image":[{"width":1920,"height":1280,"url":"https:\/\/www.kirkonulkomaanapu.fi\/wp-content\/uploads\/2022\/11\/3-henkiloa-syyrian-koulu-oppilas-turki.jpg","type":"image\/jpeg"}],"twitter_misc":{"Ber\u00e4knad l\u00e4stid":"7 minuter"},"schema":{"@context":"https:\/\/schema.org","@graph":[{"@type":"Article","@id":"https:\/\/www.kirkonulkomaanapu.fi\/sv\/aktuellt\/artiklar\/i-syrien-har-flickor-fatt-pojkarna-att-forbattra-sina-vitsord\/#article","isPartOf":{"@id":"https:\/\/www.kirkonulkomaanapu.fi\/sv\/aktuellt\/artiklar\/i-syrien-har-flickor-fatt-pojkarna-att-forbattra-sina-vitsord\/"},"author":{"name":"Elisa Rimaila","@id":"https:\/\/www.kirkonulkomaanapu.fi\/#\/schema\/person\/31b6ed048d3e1da75eef07bb24058320"},"headline":"I Syrien har flickor f\u00e5tt pojkarna att f\u00f6rb\u00e4ttra sina vitsord","datePublished":"2022-11-28T14:24:28+00:00","dateModified":"2022-11-28T14:28:04+00:00","mainEntityOfPage":{"@id":"https:\/\/www.kirkonulkomaanapu.fi\/sv\/aktuellt\/artiklar\/i-syrien-har-flickor-fatt-pojkarna-att-forbattra-sina-vitsord\/"},"wordCount":1575,"publisher":{"@id":"https:\/\/www.kirkonulkomaanapu.fi\/#organization"},"image":{"@id":"https:\/\/www.kirkonulkomaanapu.fi\/sv\/aktuellt\/artiklar\/i-syrien-har-flickor-fatt-pojkarna-att-forbattra-sina-vitsord\/#primaryimage"},"thumbnailUrl":"https:\/\/www.kirkonulkomaanapu.fi\/wp-content\/uploads\/2022\/11\/3-henkiloa-syyrian-koulu-oppilas-turki.jpg","articleSection":["Utbildning","Syyria","J\u00e4mlikhet","Syrien","Syrien","Koulutus"],"inLanguage":"sv-SE"},{"@type":"WebPage","@id":"https:\/\/www.kirkonulkomaanapu.fi\/sv\/aktuellt\/artiklar\/i-syrien-har-flickor-fatt-pojkarna-att-forbattra-sina-vitsord\/","url":"https:\/\/www.kirkonulkomaanapu.fi\/sv\/aktuellt\/artiklar\/i-syrien-har-flickor-fatt-pojkarna-att-forbattra-sina-vitsord\/","name":"I Syrien har flickor f\u00e5tt pojkarna att f\u00f6rb\u00e4ttra sina vitsord - Kyrkans Utlandshj\u00e4lp","isPartOf":{"@id":"https:\/\/www.kirkonulkomaanapu.fi\/#website"},"primaryImageOfPage":{"@id":"https:\/\/www.kirkonulkomaanapu.fi\/sv\/aktuellt\/artiklar\/i-syrien-har-flickor-fatt-pojkarna-att-forbattra-sina-vitsord\/#primaryimage"},"image":{"@id":"https:\/\/www.kirkonulkomaanapu.fi\/sv\/aktuellt\/artiklar\/i-syrien-har-flickor-fatt-pojkarna-att-forbattra-sina-vitsord\/#primaryimage"},"thumbnailUrl":"https:\/\/www.kirkonulkomaanapu.fi\/wp-content\/uploads\/2022\/11\/3-henkiloa-syyrian-koulu-oppilas-turki.jpg","datePublished":"2022-11-28T14:24:28+00:00","dateModified":"2022-11-28T14:28:04+00:00","description":"Kyrkans Utlandshj\u00e4lp st\u00f6der tillsammans med EU:s humanit\u00e4ra bist\u00e5nd en tidigare pojkskola d\u00e4r \u00e4ven flickor under \u00e5r 2022 har f\u00e5tt undervisning. Under den st\u00f6dundervisning som ordnades under sommaren deltog hela 380 flickor. I dag f\u00e5r ett tjugotal flickor permanent undervisning i skolan.\u00a0","breadcrumb":{"@id":"https:\/\/www.kirkonulkomaanapu.fi\/sv\/aktuellt\/artiklar\/i-syrien-har-flickor-fatt-pojkarna-att-forbattra-sina-vitsord\/#breadcrumb"},"inLanguage":"sv-SE","potentialAction":[{"@type":"ReadAction","target":["https:\/\/www.kirkonulkomaanapu.fi\/sv\/aktuellt\/artiklar\/i-syrien-har-flickor-fatt-pojkarna-att-forbattra-sina-vitsord\/"]}]},{"@type":"ImageObject","inLanguage":"sv-SE","@id":"https:\/\/www.kirkonulkomaanapu.fi\/sv\/aktuellt\/artiklar\/i-syrien-har-flickor-fatt-pojkarna-att-forbattra-sina-vitsord\/#primaryimage","url":"https:\/\/www.kirkonulkomaanapu.fi\/wp-content\/uploads\/2022\/11\/3-henkiloa-syyrian-koulu-oppilas-turki.jpg","contentUrl":"https:\/\/www.kirkonulkomaanapu.fi\/wp-content\/uploads\/2022\/11\/3-henkiloa-syyrian-koulu-oppilas-turki.jpg","width":1920,"height":1280,"caption":"Flickorna och pojkarna st\u00e5r tillsammans i ett klassrum i Syrien."},{"@type":"BreadcrumbList","@id":"https:\/\/www.kirkonulkomaanapu.fi\/sv\/aktuellt\/artiklar\/i-syrien-har-flickor-fatt-pojkarna-att-forbattra-sina-vitsord\/#breadcrumb","itemListElement":[{"@type":"ListItem","position":1,"name":"Home","item":"https:\/\/www.kirkonulkomaanapu.fi\/sv\/"},{"@type":"ListItem","position":2,"name":"Artikkelit","item":"https:\/\/www.kirkonulkomaanapu.fi\/ajankohtaista\/artikkelit\/"},{"@type":"ListItem","position":3,"name":"I Syrien har flickor f\u00e5tt pojkarna att f\u00f6rb\u00e4ttra sina vitsord"}]},{"@type":"WebSite","@id":"https:\/\/www.kirkonulkomaanapu.fi\/#website","url":"https:\/\/www.kirkonulkomaanapu.fi\/","name":"Kirkon Ulkomaanapu","description":"Suomen suurin kehitysyhteisty\u00f6j\u00e4rjest\u00f6","publisher":{"@id":"https:\/\/www.kirkonulkomaanapu.fi\/#organization"},"alternateName":"KUA","potentialAction":[{"@type":"SearchAction","target":{"@type":"EntryPoint","urlTemplate":"https:\/\/www.kirkonulkomaanapu.fi\/?s={search_term_string}"},"query-input":{"@type":"PropertyValueSpecification","valueRequired":true,"valueName":"search_term_string"}}],"inLanguage":"sv-SE"},{"@type":"Organization","@id":"https:\/\/www.kirkonulkomaanapu.fi\/#organization","name":"Kirkon Ulkomaanapu","alternateName":"KUA","url":"https:\/\/www.kirkonulkomaanapu.fi\/","logo":{"@type":"ImageObject","inLanguage":"sv-SE","@id":"https:\/\/www.kirkonulkomaanapu.fi\/#\/schema\/logo\/image\/","url":"https:\/\/www.kirkonulkomaanapu.fi\/wp-content\/uploads\/2026\/02\/Kirkon-ulkomaanapu-logo-1.png","contentUrl":"https:\/\/www.kirkonulkomaanapu.fi\/wp-content\/uploads\/2026\/02\/Kirkon-ulkomaanapu-logo-1.png","width":225,"height":225,"caption":"Kirkon Ulkomaanapu"},"image":{"@id":"https:\/\/www.kirkonulkomaanapu.fi\/#\/schema\/logo\/image\/"},"sameAs":["https:\/\/www.facebook.com\/Ulkomaanapu\/","https:\/\/www.youtube.com\/user\/kirkonulkomaanapu","https:\/\/instagram.com\/kirkon_ulkomaanapu\/","https:\/\/www.linkedin.com\/company\/finn-church-aid\/"]},{"@type":"Person","@id":"https:\/\/www.kirkonulkomaanapu.fi\/#\/schema\/person\/31b6ed048d3e1da75eef07bb24058320","name":"Elisa Rimaila","image":{"@type":"ImageObject","inLanguage":"sv-SE","@id":"https:\/\/www.kirkonulkomaanapu.fi\/#\/schema\/person\/image\/","url":"https:\/\/secure.gravatar.com\/avatar\/65ca568d6d123ad5727bf3200db62d9e5200bc8a231cc30afe80ca1a344613e2?s=96&d=mm&r=g","contentUrl":"https:\/\/secure.gravatar.com\/avatar\/65ca568d6d123ad5727bf3200db62d9e5200bc8a231cc30afe80ca1a344613e2?s=96&d=mm&r=g","caption":"Elisa Rimaila"},"description":"Viestinn\u00e4n asiantuntija, Digital communications specialist"}]}},"_links":{"self":[{"href":"https:\/\/www.kirkonulkomaanapu.fi\/sv\/wp-json\/wp\/v2\/article\/135311","targetHints":{"allow":["GET"]}}],"collection":[{"href":"https:\/\/www.kirkonulkomaanapu.fi\/sv\/wp-json\/wp\/v2\/article"}],"about":[{"href":"https:\/\/www.kirkonulkomaanapu.fi\/sv\/wp-json\/wp\/v2\/types\/artikkelit"}],"author":[{"embeddable":true,"href":"https:\/\/www.kirkonulkomaanapu.fi\/sv\/wp-json\/wp\/v2\/users\/137"}],"version-history":[{"count":3,"href":"https:\/\/www.kirkonulkomaanapu.fi\/sv\/wp-json\/wp\/v2\/article\/135311\/revisions"}],"predecessor-version":[{"id":135321,"href":"https:\/\/www.kirkonulkomaanapu.fi\/sv\/wp-json\/wp\/v2\/article\/135311\/revisions\/135321"}],"wp:featuredmedia":[{"embeddable":true,"href":"https:\/\/www.kirkonulkomaanapu.fi\/sv\/wp-json\/wp\/v2\/media\/135077"}],"wp:attachment":[{"href":"https:\/\/www.kirkonulkomaanapu.fi\/sv\/wp-json\/wp\/v2\/media?parent=135311"}],"wp:term":[{"taxonomy":"category","embeddable":true,"href":"https:\/\/www.kirkonulkomaanapu.fi\/sv\/wp-json\/wp\/v2\/categories?post=135311"},{"taxonomy":"countries","embeddable":true,"href":"https:\/\/www.kirkonulkomaanapu.fi\/sv\/wp-json\/wp\/v2\/countries?post=135311"},{"taxonomy":"article_themes","embeddable":true,"href":"https:\/\/www.kirkonulkomaanapu.fi\/sv\/wp-json\/wp\/v2\/article_themes?post=135311"}],"curies":[{"name":"wp","href":"https:\/\/api.w.org\/{rel}","templated":true}]}}