{"id":129192,"date":"2022-05-05T18:35:21","date_gmt":"2022-05-05T15:35:21","guid":{"rendered":"https:\/\/www.kirkonulkomaanapu.fi\/?post_type=artikkelit&#038;p=129192"},"modified":"2022-05-05T18:38:09","modified_gmt":"2022-05-05T15:38:09","slug":"fejsaren-jarkko-seppala-vet-hur-man-moter-manniskor-pa-gatan","status":"publish","type":"artikkelit","link":"https:\/\/www.kirkonulkomaanapu.fi\/sv\/aktuellt\/artiklar\/fejsaren-jarkko-seppala-vet-hur-man-moter-manniskor-pa-gatan\/","title":{"rendered":"\u201dFejsaren\u201d Jarkko Sepp\u00e4l\u00e4 vet hur man m\u00f6ter m\u00e4nniskor p\u00e5 gatan \u00a0"},"content":{"rendered":"\n\n\n<div class=\"block-hero full-width id-block\" style=\"background-image: url('');\">\n\n\t<div class=\"bg-mobile\" style=\"background-image: url('');\"><\/div>\n\n\t\n\t<div class=\"curtain\"><\/div>\n\n\t<div class=\"container\">\n\t\t<div class=\"row\">\n\t\t\t<div class=\"col\">\n\t\t\t\t<div class=\"inner-blocks entry-content\">\n\t\t\t\t\t\t\t\t\t\t\t\n\n<h1 class=\"wp-block-heading\"><\/h1>\n\n\n\t\t\t\t\t\t\t\t\t<\/div>\n\t\t\t<\/div>\n\t\t<\/div>\n\t<\/div>\n<\/div>\n\n\n\n\n\n\n\n\n<h1 class=\"is-style-default wp-block-heading\">\u201dFejsaren\u201d Jarkko Sepp\u00e4l\u00e4 vet hur man m\u00f6ter m\u00e4nniskor p\u00e5 gatan<\/h1>\n\n\n\n<p class=\"is-style-ingress\">Under en arbetsdag m\u00f6ter en s\u00e5 kallad fejsare hundratals m\u00e4nniskor. M\u00f6tena kr\u00e4ver spel\u00f6ga och argumentationsf\u00f6rm\u00e5ga. En stor del av m\u00e5nadsgivarna har inlett sitt givande p\u00e5 gatan.<\/p>\n\n\n\n<p><strong>OJ NEJ,<\/strong> de \u00e4r h\u00e4r igen! Precis som flyttf\u00e5glarna \u00e4r det faktum att fejsarna \u00e5terv\u00e4nt till trottoarerna ett tydligt tecken p\u00e5 att v\u00e5ren kommit ig\u00e5ng p\u00e5 allvar. M\u00e5nga byter sida av v\u00e4gen n\u00e4r de ser en leende fejsare \u2013&nbsp; allts\u00e5 v\u00e4rvare som samlar in medel f\u00f6r organisationer eller f\u00f6retag via personlig kontakt.<\/p>\n\n\n\n<p>Vissa m\u00e4nniskor st\u00f6r sig p\u00e5 v\u00e4rvarna, men deras arbete \u00e4r viktigt f\u00f6r att finansiera v\u00e4lg\u00f6renhetsorganisationernas verksamhet. En stor del av Kyrkans Utlandshj\u00e4lps&nbsp; m\u00e5nadsgivare har blivit det just p\u00e5 gatan.<\/p>\n\n\n\n<p>En av dem som samlar in pengar p\u00e5 gatan \u00e4r bj\u00f6rneborgaren <strong>Jarkko Sepp\u00e4l\u00e4<\/strong>, som f\u00f6r sjunde sommaren v\u00e4rvar f\u00f6r Kyrkans Utlandshj\u00e4lp. Sepp\u00e4l\u00e4 intresserade sig f\u00f6r en karri\u00e4r som fejsare efter att han l\u00e4st en bok om \u00f6vertygandets psykologi. Den gjorde honom ivrig. Han ins\u00e5g att som fejsare kunde han f\u00e5 s\u00e4tta det han l\u00e4rt sig p\u00e5 prov.<\/p>\n\n\n\n<p>N\u00e4r Sepp\u00e4l\u00e4 f\u00f6rsta g\u00e5ngen stoppade en m\u00e4nniska p\u00e5 gatan var han s\u00e5 nerv\u00f6s att r\u00f6sten darrade. Under samma sommar blev han \u00e4nd\u00e5, enligt egen utsaga, \u201dl\u00f6jligt sj\u00e4lvs\u00e4ker\u201d och i dagens l\u00e4ge v\u00e5llar nerverna inga problem, ens n\u00e4r han ska tala inf\u00f6r ett fullsatt auditorium.<\/p>\n\n\n\n<p>Redan efter f\u00f6rsta sommaren som fejsare blev Sepp\u00e4l\u00e4 befordrad till gruppledare och han har fortsatt i den rollen \u00e4nda till i dag. Teamet b\u00f6rjar dagen med en ledig pratstund, d\u00e5 alla kan f\u00f6ra fram sina tankar och snacka om det som k\u00e4nns utmanande. Sepp\u00e4l\u00e4 f\u00f6rs\u00f6ker skapa en god st\u00e4mning och svetsa samman gruppen. \u201dTeamets betydelse \u00e4r v\u00e4ldigt stor. \u00c4r man ensam k\u00e4nns alla motg\u00e5ngar mer personliga\u201d, s\u00e4ger Sepp\u00e4l\u00e4.<\/p>\n\n\n\n\n<div class=\"block-scroll-content id-block full-width inner-blocks entry-content\">\n    \n    <div class=\"inner-blocks\">\n        \n\n<div class=\"block-scroll-content-slide id-block inner-blocks\">\n    <div class=\"background\">\n                <img decoding=\"async\" src=\"https:\/\/www.kirkonulkomaanapu.fi\/wp-content\/uploads\/2022\/04\/Feissari_Jarkko_Seppala_1920_880-scaled.jpg\" alt=\"Feissari keskustelee kadulla ohikulkijan kanssa. \">\n        \n            <\/div>    \n\n    <div class=\"content-overflow\">\n        <div class=\"slide-content\">\n            <div class=\"container-lg\">\n                <div class=\"row\">\n                    <div class=\"col\">\n                        <div class=\"slide-card inner-blocks \">\n                            \n\n<p>En fejsare kan ta kontakt med hundratals m\u00e4nniskor under en dag. \u201dP\u00e5 gatan inser man hur olika m\u00e4nniskor det finns och hur olika ideologier och \u00e5sikter de har&#8221;, s\u00e4ger Jarkko Sepp\u00e4l\u00e4. <\/p>\n\n\n                        <\/div>\n                    <\/div>\n                <\/div>\n            <\/div>            \n        <\/div>\n    <\/div>\n<\/div>\n\n\n    <\/div>\n<\/div>\n\n\n\n<h2 class=\"is-style-default wp-block-heading\">En vanlig missuppfattning \u00e4r att hj\u00e4lpen inte n\u00e5r fram<\/h2>\n\n\n\n<p>En fejsare kan ta kontakt med hundratals m\u00e4nniskor under en dag. \u201dP\u00e5 gatan inser man hur olika m\u00e4nniskor det finns och hur olika ideologier och \u00e5sikter de har. Ibland f\u00e5r man h\u00f6ra ganska konstiga grejer.\u201d<\/p>\n\n\n\n<p>Under \u00e5ren som v\u00e4rvare har Sepp\u00e4l\u00e4 ocks\u00e5 en del m\u00f6ten som etsat sig fast i hans minne, n\u00e4r m\u00e4nniskor ber\u00e4ttat om deras tragiska livs\u00f6den.<\/p>\n\n\n\n<p>\u201dEn vanlig missuppfattning \u00e4r att hj\u00e4lpen inte n\u00e5r fram. D\u00e5 tittar vi tillsammans p\u00e5 siffror och cirkeldiagram\u201d, s\u00e4ger Sepp\u00e4l\u00e4. Andra vanliga missf\u00f6rst\u00e5nd \u00e4r enligt Sepp\u00e4l\u00e4 att saker inte skulle bli b\u00e4ttre trots hj\u00e4lpen och att man inte kan ge en g\u00e5va om man inte h\u00f6r till kyrkan.<\/p>\n\n\n\n<p>F\u00f6rutom v\u00e4rvandet har Sepp\u00e4l\u00e4 en m\u00e5ngsidig arbetserfarenhet inom industri och logistik. Tidigare har han jobbat p\u00e5 bland annat en \u00f6lfabrik och i Olkiluoto k\u00e4rnkraftverk.<\/p>\n\n\n\n<p>\u201dJag har haft nytta av min erfarenhet som v\u00e4rvare, oberoende av vilket jobb jag s\u00f6kt\u201d, s\u00e4ger Sepp\u00e4l\u00e4. Han tycker att han l\u00e4rt sig viktiga vardagskunskaper via fejsarjobbet, som uth\u00e5llighet och f\u00f6rm\u00e5gan att aktivt lyssna p\u00e5 motparten i en diskussion.<\/p>\n\n\n\n<p><br>Text: Markus Silvennoinen<br>Bild: Antti Yrj\u00f6nen<br>\u00d6vers\u00e4ttning: Bj\u00f6rn Udd<\/p>\n","protected":false},"excerpt":{"rendered":"<p>\u201dFejsaren\u201d Jarkko Sepp\u00e4l\u00e4 vet hur man m\u00f6ter m\u00e4nniskor p\u00e5 gatan Under en arbetsdag m\u00f6ter en s\u00e5 kallad fejsare hundratals m\u00e4nniskor. M\u00f6tena kr\u00e4ver spel\u00f6ga och argumentationsf\u00f6rm\u00e5ga. En stor del av m\u00e5nadsgivarna har inlett sitt givande p\u00e5 gatan. OJ NEJ, de \u00e4r h\u00e4r igen! Precis som flyttf\u00e5glarna \u00e4r det faktum att fejsarna \u00e5terv\u00e4nt till trottoarerna ett tydligt [&hellip;]<\/p>\n","protected":false},"author":137,"featured_media":129138,"menu_order":0,"template":"","meta":{"_acf_changed":false,"_relevanssi_hide_post":"","_relevanssi_hide_content":"","_relevanssi_pin_for_all":"","_relevanssi_pin_keywords":"","_relevanssi_unpin_keywords":"","_relevanssi_related_keywords":"","_relevanssi_related_include_ids":"","_relevanssi_related_exclude_ids":"","_relevanssi_related_no_append":"","_relevanssi_related_not_related":"","_relevanssi_related_posts":"89500,121649,63644,108131,121400,121614","_relevanssi_noindex_reason":"","_improvement_type_select":"improve_an_existing","_thumb_yes_seoaic":false,"_frame_yes_seoaic":false,"seoaic_generate_description":"","seoaic_improve_instructions_prompt":"","seoaic_rollback_content_improvement":"","seoaic_idea_thumbnail_generator":"","thumbnail_generated":false,"thumbnail_generate_prompt":"","seoaic_article_description":"","footnotes":""},"categories":[21,71],"countries":[],"article_themes":[453],"class_list":["post-129192","artikkelit","type-artikkelit","status-publish","has-post-thumbnail","hentry","category-allman","category-finland-sv","article_themes-allman"],"acf":[],"yoast_head":"<!-- This site is optimized with the Yoast SEO plugin v26.9 - https:\/\/yoast.com\/product\/yoast-seo-wordpress\/ -->\n<title>\u201dFejsaren\u201d Jarkko Sepp\u00e4l\u00e4 vet hur man m\u00f6ter m\u00e4nniskor p\u00e5 gatan \u00a0 - Kyrkans Utlandshj\u00e4lp<\/title>\n<meta name=\"description\" content=\"Under en arbetsdag m\u00f6ter en s\u00e5 kallad fejsare hundratals m\u00e4nniskor. En stor del av Kyrkans Utlandhj\u00e4lps m\u00e5nadsgivarna har inlett sitt givande p\u00e5 gatan.\" \/>\n<meta name=\"robots\" content=\"index, follow, max-snippet:-1, max-image-preview:large, max-video-preview:-1\" \/>\n<link rel=\"canonical\" href=\"https:\/\/www.kirkonulkomaanapu.fi\/sv\/aktuellt\/artiklar\/fejsaren-jarkko-seppala-vet-hur-man-moter-manniskor-pa-gatan\/\" \/>\n<meta property=\"og:locale\" content=\"sv_SE\" \/>\n<meta property=\"og:type\" content=\"article\" \/>\n<meta property=\"og:title\" content=\"\u201dFejsaren\u201d Jarkko Sepp\u00e4l\u00e4 vet hur man m\u00f6ter m\u00e4nniskor p\u00e5 gatan \u00a0 - Kyrkans Utlandshj\u00e4lp\" \/>\n<meta property=\"og:description\" content=\"Under en arbetsdag m\u00f6ter en s\u00e5 kallad fejsare hundratals m\u00e4nniskor. En stor del av Kyrkans Utlandhj\u00e4lps m\u00e5nadsgivarna har inlett sitt givande p\u00e5 gatan.\" \/>\n<meta property=\"og:url\" content=\"https:\/\/www.kirkonulkomaanapu.fi\/sv\/aktuellt\/artiklar\/fejsaren-jarkko-seppala-vet-hur-man-moter-manniskor-pa-gatan\/\" \/>\n<meta property=\"og:site_name\" content=\"Kyrkans Utlandshj\u00e4lp\" \/>\n<meta property=\"article:publisher\" content=\"https:\/\/www.facebook.com\/Ulkomaanapu\/\" \/>\n<meta property=\"article:modified_time\" content=\"2022-05-05T15:38:09+00:00\" \/>\n<meta property=\"og:image\" content=\"https:\/\/www.kirkonulkomaanapu.fi\/wp-content\/uploads\/2022\/04\/Feissari_Jarkko_Seppala_1920_1080-scaled.jpg\" \/>\n\t<meta property=\"og:image:width\" content=\"2560\" \/>\n\t<meta property=\"og:image:height\" content=\"1440\" \/>\n\t<meta property=\"og:image:type\" content=\"image\/jpeg\" \/>\n<meta name=\"twitter:label1\" content=\"Ber\u00e4knad l\u00e4stid\" \/>\n\t<meta name=\"twitter:data1\" content=\"3 minuter\" \/>\n<script type=\"application\/ld+json\" class=\"yoast-schema-graph\">{\"@context\":\"https:\/\/schema.org\",\"@graph\":[{\"@type\":\"Article\",\"@id\":\"https:\/\/www.kirkonulkomaanapu.fi\/sv\/aktuellt\/artiklar\/fejsaren-jarkko-seppala-vet-hur-man-moter-manniskor-pa-gatan\/#article\",\"isPartOf\":{\"@id\":\"https:\/\/www.kirkonulkomaanapu.fi\/sv\/aktuellt\/artiklar\/fejsaren-jarkko-seppala-vet-hur-man-moter-manniskor-pa-gatan\/\"},\"author\":{\"name\":\"Elisa Rimaila\",\"@id\":\"https:\/\/www.kirkonulkomaanapu.fi\/#\/schema\/person\/31b6ed048d3e1da75eef07bb24058320\"},\"headline\":\"\u201dFejsaren\u201d Jarkko Sepp\u00e4l\u00e4 vet hur man m\u00f6ter m\u00e4nniskor p\u00e5 gatan \u00a0\",\"datePublished\":\"2022-05-05T15:35:21+00:00\",\"dateModified\":\"2022-05-05T15:38:09+00:00\",\"mainEntityOfPage\":{\"@id\":\"https:\/\/www.kirkonulkomaanapu.fi\/sv\/aktuellt\/artiklar\/fejsaren-jarkko-seppala-vet-hur-man-moter-manniskor-pa-gatan\/\"},\"wordCount\":632,\"publisher\":{\"@id\":\"https:\/\/www.kirkonulkomaanapu.fi\/#organization\"},\"image\":{\"@id\":\"https:\/\/www.kirkonulkomaanapu.fi\/sv\/aktuellt\/artiklar\/fejsaren-jarkko-seppala-vet-hur-man-moter-manniskor-pa-gatan\/#primaryimage\"},\"thumbnailUrl\":\"https:\/\/www.kirkonulkomaanapu.fi\/wp-content\/uploads\/2022\/04\/Feissari_Jarkko_Seppala_1920_1080-scaled.jpg\",\"articleSection\":[\"Allm\u00e4n\",\"Finland\"],\"inLanguage\":\"sv-SE\"},{\"@type\":\"WebPage\",\"@id\":\"https:\/\/www.kirkonulkomaanapu.fi\/sv\/aktuellt\/artiklar\/fejsaren-jarkko-seppala-vet-hur-man-moter-manniskor-pa-gatan\/\",\"url\":\"https:\/\/www.kirkonulkomaanapu.fi\/sv\/aktuellt\/artiklar\/fejsaren-jarkko-seppala-vet-hur-man-moter-manniskor-pa-gatan\/\",\"name\":\"\u201dFejsaren\u201d Jarkko Sepp\u00e4l\u00e4 vet hur man m\u00f6ter m\u00e4nniskor p\u00e5 gatan \u00a0 - Kyrkans Utlandshj\u00e4lp\",\"isPartOf\":{\"@id\":\"https:\/\/www.kirkonulkomaanapu.fi\/#website\"},\"primaryImageOfPage\":{\"@id\":\"https:\/\/www.kirkonulkomaanapu.fi\/sv\/aktuellt\/artiklar\/fejsaren-jarkko-seppala-vet-hur-man-moter-manniskor-pa-gatan\/#primaryimage\"},\"image\":{\"@id\":\"https:\/\/www.kirkonulkomaanapu.fi\/sv\/aktuellt\/artiklar\/fejsaren-jarkko-seppala-vet-hur-man-moter-manniskor-pa-gatan\/#primaryimage\"},\"thumbnailUrl\":\"https:\/\/www.kirkonulkomaanapu.fi\/wp-content\/uploads\/2022\/04\/Feissari_Jarkko_Seppala_1920_1080-scaled.jpg\",\"datePublished\":\"2022-05-05T15:35:21+00:00\",\"dateModified\":\"2022-05-05T15:38:09+00:00\",\"description\":\"Under en arbetsdag m\u00f6ter en s\u00e5 kallad fejsare hundratals m\u00e4nniskor. En stor del av Kyrkans Utlandhj\u00e4lps m\u00e5nadsgivarna har inlett sitt givande p\u00e5 gatan.\",\"breadcrumb\":{\"@id\":\"https:\/\/www.kirkonulkomaanapu.fi\/sv\/aktuellt\/artiklar\/fejsaren-jarkko-seppala-vet-hur-man-moter-manniskor-pa-gatan\/#breadcrumb\"},\"inLanguage\":\"sv-SE\",\"potentialAction\":[{\"@type\":\"ReadAction\",\"target\":[\"https:\/\/www.kirkonulkomaanapu.fi\/sv\/aktuellt\/artiklar\/fejsaren-jarkko-seppala-vet-hur-man-moter-manniskor-pa-gatan\/\"]}]},{\"@type\":\"ImageObject\",\"inLanguage\":\"sv-SE\",\"@id\":\"https:\/\/www.kirkonulkomaanapu.fi\/sv\/aktuellt\/artiklar\/fejsaren-jarkko-seppala-vet-hur-man-moter-manniskor-pa-gatan\/#primaryimage\",\"url\":\"https:\/\/www.kirkonulkomaanapu.fi\/wp-content\/uploads\/2022\/04\/Feissari_Jarkko_Seppala_1920_1080-scaled.jpg\",\"contentUrl\":\"https:\/\/www.kirkonulkomaanapu.fi\/wp-content\/uploads\/2022\/04\/Feissari_Jarkko_Seppala_1920_1080-scaled.jpg\",\"width\":2560,\"height\":1440,\"caption\":\"Feissari Jarkko Sepp\u00e4l\u00e4 tiet\u00e4\u00e4, miten ihminen kohdataan kadulla.\"},{\"@type\":\"BreadcrumbList\",\"@id\":\"https:\/\/www.kirkonulkomaanapu.fi\/sv\/aktuellt\/artiklar\/fejsaren-jarkko-seppala-vet-hur-man-moter-manniskor-pa-gatan\/#breadcrumb\",\"itemListElement\":[{\"@type\":\"ListItem\",\"position\":1,\"name\":\"Home\",\"item\":\"https:\/\/www.kirkonulkomaanapu.fi\/sv\/\"},{\"@type\":\"ListItem\",\"position\":2,\"name\":\"Artikkelit\",\"item\":\"https:\/\/www.kirkonulkomaanapu.fi\/ajankohtaista\/artikkelit\/\"},{\"@type\":\"ListItem\",\"position\":3,\"name\":\"\u201dFejsaren\u201d Jarkko Sepp\u00e4l\u00e4 vet hur man m\u00f6ter m\u00e4nniskor p\u00e5 gatan \u00a0\"}]},{\"@type\":\"WebSite\",\"@id\":\"https:\/\/www.kirkonulkomaanapu.fi\/#website\",\"url\":\"https:\/\/www.kirkonulkomaanapu.fi\/\",\"name\":\"Kirkon Ulkomaanapu\",\"description\":\"Suomen suurin kehitysyhteisty\u00f6j\u00e4rjest\u00f6\",\"publisher\":{\"@id\":\"https:\/\/www.kirkonulkomaanapu.fi\/#organization\"},\"alternateName\":\"KUA\",\"potentialAction\":[{\"@type\":\"SearchAction\",\"target\":{\"@type\":\"EntryPoint\",\"urlTemplate\":\"https:\/\/www.kirkonulkomaanapu.fi\/?s={search_term_string}\"},\"query-input\":{\"@type\":\"PropertyValueSpecification\",\"valueRequired\":true,\"valueName\":\"search_term_string\"}}],\"inLanguage\":\"sv-SE\"},{\"@type\":\"Organization\",\"@id\":\"https:\/\/www.kirkonulkomaanapu.fi\/#organization\",\"name\":\"Kirkon Ulkomaanapu\",\"alternateName\":\"KUA\",\"url\":\"https:\/\/www.kirkonulkomaanapu.fi\/\",\"logo\":{\"@type\":\"ImageObject\",\"inLanguage\":\"sv-SE\",\"@id\":\"https:\/\/www.kirkonulkomaanapu.fi\/#\/schema\/logo\/image\/\",\"url\":\"https:\/\/www.kirkonulkomaanapu.fi\/wp-content\/uploads\/2026\/02\/Kirkon-ulkomaanapu-logo-1.png\",\"contentUrl\":\"https:\/\/www.kirkonulkomaanapu.fi\/wp-content\/uploads\/2026\/02\/Kirkon-ulkomaanapu-logo-1.png\",\"width\":225,\"height\":225,\"caption\":\"Kirkon Ulkomaanapu\"},\"image\":{\"@id\":\"https:\/\/www.kirkonulkomaanapu.fi\/#\/schema\/logo\/image\/\"},\"sameAs\":[\"https:\/\/www.facebook.com\/Ulkomaanapu\/\",\"https:\/\/www.youtube.com\/user\/kirkonulkomaanapu\",\"https:\/\/instagram.com\/kirkon_ulkomaanapu\/\",\"https:\/\/www.linkedin.com\/company\/finn-church-aid\/\"]},{\"@type\":\"Person\",\"@id\":\"https:\/\/www.kirkonulkomaanapu.fi\/#\/schema\/person\/31b6ed048d3e1da75eef07bb24058320\",\"name\":\"Elisa Rimaila\",\"image\":{\"@type\":\"ImageObject\",\"inLanguage\":\"sv-SE\",\"@id\":\"https:\/\/www.kirkonulkomaanapu.fi\/#\/schema\/person\/image\/\",\"url\":\"https:\/\/secure.gravatar.com\/avatar\/65ca568d6d123ad5727bf3200db62d9e5200bc8a231cc30afe80ca1a344613e2?s=96&d=mm&r=g\",\"contentUrl\":\"https:\/\/secure.gravatar.com\/avatar\/65ca568d6d123ad5727bf3200db62d9e5200bc8a231cc30afe80ca1a344613e2?s=96&d=mm&r=g\",\"caption\":\"Elisa Rimaila\"},\"description\":\"Viestinn\u00e4n asiantuntija, Digital communications specialist\"}]}<\/script>\n<!-- \/ Yoast SEO plugin. -->","yoast_head_json":{"title":"\u201dFejsaren\u201d Jarkko Sepp\u00e4l\u00e4 vet hur man m\u00f6ter m\u00e4nniskor p\u00e5 gatan \u00a0 - Kyrkans Utlandshj\u00e4lp","description":"Under en arbetsdag m\u00f6ter en s\u00e5 kallad fejsare hundratals m\u00e4nniskor. En stor del av Kyrkans Utlandhj\u00e4lps m\u00e5nadsgivarna har inlett sitt givande p\u00e5 gatan.","robots":{"index":"index","follow":"follow","max-snippet":"max-snippet:-1","max-image-preview":"max-image-preview:large","max-video-preview":"max-video-preview:-1"},"canonical":"https:\/\/www.kirkonulkomaanapu.fi\/sv\/aktuellt\/artiklar\/fejsaren-jarkko-seppala-vet-hur-man-moter-manniskor-pa-gatan\/","og_locale":"sv_SE","og_type":"article","og_title":"\u201dFejsaren\u201d Jarkko Sepp\u00e4l\u00e4 vet hur man m\u00f6ter m\u00e4nniskor p\u00e5 gatan \u00a0 - Kyrkans Utlandshj\u00e4lp","og_description":"Under en arbetsdag m\u00f6ter en s\u00e5 kallad fejsare hundratals m\u00e4nniskor. En stor del av Kyrkans Utlandhj\u00e4lps m\u00e5nadsgivarna har inlett sitt givande p\u00e5 gatan.","og_url":"https:\/\/www.kirkonulkomaanapu.fi\/sv\/aktuellt\/artiklar\/fejsaren-jarkko-seppala-vet-hur-man-moter-manniskor-pa-gatan\/","og_site_name":"Kyrkans Utlandshj\u00e4lp","article_publisher":"https:\/\/www.facebook.com\/Ulkomaanapu\/","article_modified_time":"2022-05-05T15:38:09+00:00","og_image":[{"width":2560,"height":1440,"url":"https:\/\/www.kirkonulkomaanapu.fi\/wp-content\/uploads\/2022\/04\/Feissari_Jarkko_Seppala_1920_1080-scaled.jpg","type":"image\/jpeg"}],"twitter_misc":{"Ber\u00e4knad l\u00e4stid":"3 minuter"},"schema":{"@context":"https:\/\/schema.org","@graph":[{"@type":"Article","@id":"https:\/\/www.kirkonulkomaanapu.fi\/sv\/aktuellt\/artiklar\/fejsaren-jarkko-seppala-vet-hur-man-moter-manniskor-pa-gatan\/#article","isPartOf":{"@id":"https:\/\/www.kirkonulkomaanapu.fi\/sv\/aktuellt\/artiklar\/fejsaren-jarkko-seppala-vet-hur-man-moter-manniskor-pa-gatan\/"},"author":{"name":"Elisa Rimaila","@id":"https:\/\/www.kirkonulkomaanapu.fi\/#\/schema\/person\/31b6ed048d3e1da75eef07bb24058320"},"headline":"\u201dFejsaren\u201d Jarkko Sepp\u00e4l\u00e4 vet hur man m\u00f6ter m\u00e4nniskor p\u00e5 gatan \u00a0","datePublished":"2022-05-05T15:35:21+00:00","dateModified":"2022-05-05T15:38:09+00:00","mainEntityOfPage":{"@id":"https:\/\/www.kirkonulkomaanapu.fi\/sv\/aktuellt\/artiklar\/fejsaren-jarkko-seppala-vet-hur-man-moter-manniskor-pa-gatan\/"},"wordCount":632,"publisher":{"@id":"https:\/\/www.kirkonulkomaanapu.fi\/#organization"},"image":{"@id":"https:\/\/www.kirkonulkomaanapu.fi\/sv\/aktuellt\/artiklar\/fejsaren-jarkko-seppala-vet-hur-man-moter-manniskor-pa-gatan\/#primaryimage"},"thumbnailUrl":"https:\/\/www.kirkonulkomaanapu.fi\/wp-content\/uploads\/2022\/04\/Feissari_Jarkko_Seppala_1920_1080-scaled.jpg","articleSection":["Allm\u00e4n","Finland"],"inLanguage":"sv-SE"},{"@type":"WebPage","@id":"https:\/\/www.kirkonulkomaanapu.fi\/sv\/aktuellt\/artiklar\/fejsaren-jarkko-seppala-vet-hur-man-moter-manniskor-pa-gatan\/","url":"https:\/\/www.kirkonulkomaanapu.fi\/sv\/aktuellt\/artiklar\/fejsaren-jarkko-seppala-vet-hur-man-moter-manniskor-pa-gatan\/","name":"\u201dFejsaren\u201d Jarkko Sepp\u00e4l\u00e4 vet hur man m\u00f6ter m\u00e4nniskor p\u00e5 gatan \u00a0 - Kyrkans Utlandshj\u00e4lp","isPartOf":{"@id":"https:\/\/www.kirkonulkomaanapu.fi\/#website"},"primaryImageOfPage":{"@id":"https:\/\/www.kirkonulkomaanapu.fi\/sv\/aktuellt\/artiklar\/fejsaren-jarkko-seppala-vet-hur-man-moter-manniskor-pa-gatan\/#primaryimage"},"image":{"@id":"https:\/\/www.kirkonulkomaanapu.fi\/sv\/aktuellt\/artiklar\/fejsaren-jarkko-seppala-vet-hur-man-moter-manniskor-pa-gatan\/#primaryimage"},"thumbnailUrl":"https:\/\/www.kirkonulkomaanapu.fi\/wp-content\/uploads\/2022\/04\/Feissari_Jarkko_Seppala_1920_1080-scaled.jpg","datePublished":"2022-05-05T15:35:21+00:00","dateModified":"2022-05-05T15:38:09+00:00","description":"Under en arbetsdag m\u00f6ter en s\u00e5 kallad fejsare hundratals m\u00e4nniskor. En stor del av Kyrkans Utlandhj\u00e4lps m\u00e5nadsgivarna har inlett sitt givande p\u00e5 gatan.","breadcrumb":{"@id":"https:\/\/www.kirkonulkomaanapu.fi\/sv\/aktuellt\/artiklar\/fejsaren-jarkko-seppala-vet-hur-man-moter-manniskor-pa-gatan\/#breadcrumb"},"inLanguage":"sv-SE","potentialAction":[{"@type":"ReadAction","target":["https:\/\/www.kirkonulkomaanapu.fi\/sv\/aktuellt\/artiklar\/fejsaren-jarkko-seppala-vet-hur-man-moter-manniskor-pa-gatan\/"]}]},{"@type":"ImageObject","inLanguage":"sv-SE","@id":"https:\/\/www.kirkonulkomaanapu.fi\/sv\/aktuellt\/artiklar\/fejsaren-jarkko-seppala-vet-hur-man-moter-manniskor-pa-gatan\/#primaryimage","url":"https:\/\/www.kirkonulkomaanapu.fi\/wp-content\/uploads\/2022\/04\/Feissari_Jarkko_Seppala_1920_1080-scaled.jpg","contentUrl":"https:\/\/www.kirkonulkomaanapu.fi\/wp-content\/uploads\/2022\/04\/Feissari_Jarkko_Seppala_1920_1080-scaled.jpg","width":2560,"height":1440,"caption":"Feissari Jarkko Sepp\u00e4l\u00e4 tiet\u00e4\u00e4, miten ihminen kohdataan kadulla."},{"@type":"BreadcrumbList","@id":"https:\/\/www.kirkonulkomaanapu.fi\/sv\/aktuellt\/artiklar\/fejsaren-jarkko-seppala-vet-hur-man-moter-manniskor-pa-gatan\/#breadcrumb","itemListElement":[{"@type":"ListItem","position":1,"name":"Home","item":"https:\/\/www.kirkonulkomaanapu.fi\/sv\/"},{"@type":"ListItem","position":2,"name":"Artikkelit","item":"https:\/\/www.kirkonulkomaanapu.fi\/ajankohtaista\/artikkelit\/"},{"@type":"ListItem","position":3,"name":"\u201dFejsaren\u201d Jarkko Sepp\u00e4l\u00e4 vet hur man m\u00f6ter m\u00e4nniskor p\u00e5 gatan \u00a0"}]},{"@type":"WebSite","@id":"https:\/\/www.kirkonulkomaanapu.fi\/#website","url":"https:\/\/www.kirkonulkomaanapu.fi\/","name":"Kirkon Ulkomaanapu","description":"Suomen suurin kehitysyhteisty\u00f6j\u00e4rjest\u00f6","publisher":{"@id":"https:\/\/www.kirkonulkomaanapu.fi\/#organization"},"alternateName":"KUA","potentialAction":[{"@type":"SearchAction","target":{"@type":"EntryPoint","urlTemplate":"https:\/\/www.kirkonulkomaanapu.fi\/?s={search_term_string}"},"query-input":{"@type":"PropertyValueSpecification","valueRequired":true,"valueName":"search_term_string"}}],"inLanguage":"sv-SE"},{"@type":"Organization","@id":"https:\/\/www.kirkonulkomaanapu.fi\/#organization","name":"Kirkon Ulkomaanapu","alternateName":"KUA","url":"https:\/\/www.kirkonulkomaanapu.fi\/","logo":{"@type":"ImageObject","inLanguage":"sv-SE","@id":"https:\/\/www.kirkonulkomaanapu.fi\/#\/schema\/logo\/image\/","url":"https:\/\/www.kirkonulkomaanapu.fi\/wp-content\/uploads\/2026\/02\/Kirkon-ulkomaanapu-logo-1.png","contentUrl":"https:\/\/www.kirkonulkomaanapu.fi\/wp-content\/uploads\/2026\/02\/Kirkon-ulkomaanapu-logo-1.png","width":225,"height":225,"caption":"Kirkon Ulkomaanapu"},"image":{"@id":"https:\/\/www.kirkonulkomaanapu.fi\/#\/schema\/logo\/image\/"},"sameAs":["https:\/\/www.facebook.com\/Ulkomaanapu\/","https:\/\/www.youtube.com\/user\/kirkonulkomaanapu","https:\/\/instagram.com\/kirkon_ulkomaanapu\/","https:\/\/www.linkedin.com\/company\/finn-church-aid\/"]},{"@type":"Person","@id":"https:\/\/www.kirkonulkomaanapu.fi\/#\/schema\/person\/31b6ed048d3e1da75eef07bb24058320","name":"Elisa Rimaila","image":{"@type":"ImageObject","inLanguage":"sv-SE","@id":"https:\/\/www.kirkonulkomaanapu.fi\/#\/schema\/person\/image\/","url":"https:\/\/secure.gravatar.com\/avatar\/65ca568d6d123ad5727bf3200db62d9e5200bc8a231cc30afe80ca1a344613e2?s=96&d=mm&r=g","contentUrl":"https:\/\/secure.gravatar.com\/avatar\/65ca568d6d123ad5727bf3200db62d9e5200bc8a231cc30afe80ca1a344613e2?s=96&d=mm&r=g","caption":"Elisa Rimaila"},"description":"Viestinn\u00e4n asiantuntija, Digital communications specialist"}]}},"_links":{"self":[{"href":"https:\/\/www.kirkonulkomaanapu.fi\/sv\/wp-json\/wp\/v2\/article\/129192","targetHints":{"allow":["GET"]}}],"collection":[{"href":"https:\/\/www.kirkonulkomaanapu.fi\/sv\/wp-json\/wp\/v2\/article"}],"about":[{"href":"https:\/\/www.kirkonulkomaanapu.fi\/sv\/wp-json\/wp\/v2\/types\/artikkelit"}],"author":[{"embeddable":true,"href":"https:\/\/www.kirkonulkomaanapu.fi\/sv\/wp-json\/wp\/v2\/users\/137"}],"version-history":[{"count":2,"href":"https:\/\/www.kirkonulkomaanapu.fi\/sv\/wp-json\/wp\/v2\/article\/129192\/revisions"}],"predecessor-version":[{"id":129590,"href":"https:\/\/www.kirkonulkomaanapu.fi\/sv\/wp-json\/wp\/v2\/article\/129192\/revisions\/129590"}],"wp:featuredmedia":[{"embeddable":true,"href":"https:\/\/www.kirkonulkomaanapu.fi\/sv\/wp-json\/wp\/v2\/media\/129138"}],"wp:attachment":[{"href":"https:\/\/www.kirkonulkomaanapu.fi\/sv\/wp-json\/wp\/v2\/media?parent=129192"}],"wp:term":[{"taxonomy":"category","embeddable":true,"href":"https:\/\/www.kirkonulkomaanapu.fi\/sv\/wp-json\/wp\/v2\/categories?post=129192"},{"taxonomy":"countries","embeddable":true,"href":"https:\/\/www.kirkonulkomaanapu.fi\/sv\/wp-json\/wp\/v2\/countries?post=129192"},{"taxonomy":"article_themes","embeddable":true,"href":"https:\/\/www.kirkonulkomaanapu.fi\/sv\/wp-json\/wp\/v2\/article_themes?post=129192"}],"curies":[{"name":"wp","href":"https:\/\/api.w.org\/{rel}","templated":true}]}}